{"id":196776,"date":"2020-08-13T11:54:20","date_gmt":"2020-08-13T14:54:20","guid":{"rendered":"https:\/\/www.redenoticia.com.br\/noticia\/?p=196776"},"modified":"2020-08-13T11:54:20","modified_gmt":"2020-08-13T14:54:20","slug":"resumo-novela-o-que-a-vida-me-roubou-14-08-jose-luis-avisa-que-ninguem-vai-separa-lo-de-montserrat","status":"publish","type":"post","link":"https:\/\/migracao.redenoticia.com.br\/noticia\/2020\/resumo-novela-o-que-a-vida-me-roubou-14-08-jose-luis-avisa-que-ninguem-vai-separa-lo-de-montserrat\/196776","title":{"rendered":"Resumo novela \u201cO Que A Vida Me Roubou\u201d 14\/08:  Jos\u00e9 Lu\u00eds avisa que ningu\u00e9m vai separ\u00e1-lo de Montserrat"},"content":{"rendered":"<p><img loading=\"lazy\" decoding=\"async\" class=\"aligncenter size-full wp-image-191122\" src=\"https:\/\/migracao.redenoticia.com.br\/noticia\/imagens\/o-que-a-vida-me-roubou-elenco.jpg\" alt=\"\" width=\"693\" height=\"576\" srcset=\"https:\/\/migracao.redenoticia.com.br\/noticia\/imagens\/o-que-a-vida-me-roubou-elenco.jpg 693w, https:\/\/migracao.redenoticia.com.br\/noticia\/imagens\/o-que-a-vida-me-roubou-elenco-225x187.jpg 225w, https:\/\/migracao.redenoticia.com.br\/noticia\/imagens\/o-que-a-vida-me-roubou-elenco-361x300.jpg 361w, https:\/\/migracao.redenoticia.com.br\/noticia\/imagens\/o-que-a-vida-me-roubou-elenco-168x140.jpg 168w, https:\/\/migracao.redenoticia.com.br\/noticia\/imagens\/o-que-a-vida-me-roubou-elenco-102x85.jpg 102w\" sizes=\"auto, (max-width: 693px) 100vw, 693px\" \/><\/p>\n<p><strong><em>Resumo da novela \u201cO Que A Vida Me Roubou\u201d<\/em><\/strong> em 13\/08: no cap\u00edtulo 085(*) da novela, sexta-feira, 14 de agosto, Jose Lu\u00eds e Graziela falam da chegada de N\u00e1dia e do estado em que se encontra Alessandro. Jos\u00e9 Lu\u00eds lembra Graziela que n\u00e3o pode deixar Montserrat, pois perderia sua \u201cmesada\u201d mensal, que combinaram tempos atr\u00e1s. N\u00e1dia chega \u00e0 \u00c1gua Azul. Pedro a recebe e ela o suplica que ele a deixe ver sua filha. Pedro diz que logo a ver\u00e1, mas antes precisa convenc\u00ea-la de que ele \u00e9 seu \u00fanico e verdadeiro pai. Martin Becker chega para visitar Victor em sua casa e para saber de N\u00e1dia e sua filha. Graziela vai atr\u00e1s de Pedro em sua casa e ali conhece Victoria. Graziela se surpreende com a beleza da menina e felicita Pedro. Ambos falam da possibilidade de que Alessandro desperte do coma e do perigo que correm com isso. Pedro diz a Graziela que jamais permitir\u00e1 que N\u00e1dia revele esse fato a Montserrat, ainda que pra isso seja necess\u00e1rio usar sua filha.<\/p>\n<p>Adolfo leva Maria a uma cl\u00ednica de reabilita\u00e7\u00e3o, para que comece uma terapia. Esmeralda vai a \u201cEscondida\u201d para ver como andam as coisas. Zulema d\u00e1 as boas-vindas. N\u00e1dia se lembra dos momentos que passou com Victor e chora, saudosa. N\u00e1dia pede a Pedro que a leve com sua filha, pois deseja v\u00ea-la e abra\u00e7\u00e1-la. Pedro d\u00e1 a condi\u00e7\u00e3o de que ela fa\u00e7a Victoria esquecer de Victor e o reconhe\u00e7a como seu pai. Josefina liga para N\u00e1dia para lhe perguntar como est\u00e1. Ela come\u00e7a a contar que chegando a \u00c1gua Azul encontrou-se com Montserrat, que acredita que Alessandro est\u00e1 morto. Jos\u00e9 Lu\u00eds diz a Renato que n\u00e3o permitir\u00e1 que ningu\u00e9m o separe de Montserrat. Renato pergunta o porqu\u00ea disso. Jos\u00e9 apenas responde que o amigo n\u00e3o precisa preocupar-se, pois ele estar\u00e1 bem. Jos\u00e9 Lu\u00eds pergunta o que ocorreu com Esmeralda. Renato responde que ela anda insuport\u00e1vel ultimamente.<\/p>\n<p>(*) edi\u00e7\u00e3o das novelas do SBT, \u201cO Que A Vida Me Roubou\u201d, sujeito a altera\u00e7\u00e3o de data e conte\u00fado.<\/p>\n<p>Novela \u201cO Que A Vida Me Roubou\u201d: A hist\u00f3ria se passa em \u00c1gua Azul, onde Montserrat vive. Montserrat \u00e9 uma bela jovem socialite que sempre foi dominada por sua m\u00e3e Graziela, cuja \u00fanica preocupa\u00e7\u00e3o \u00e9 o seu elevado estatuto na sociedade, mesmo que a fam\u00edlia esteja financeiramente arruinada. Montserrat, apesar de fazer tudo o que sua m\u00e3e diz-lhe, secretamente mant\u00e9m um relacionamento com Jos\u00e9 Luis da marinha, com quem planeja se casar.<\/p>\n","protected":false},"excerpt":{"rendered":"<p>Resumo da novela \u201cO Que A Vida Me Roubou\u201d em 13\/08: no cap\u00edtulo 085(*) da novela, sexta-feira, 14 de agosto, Jose Lu\u00eds e Graziela falam da chegada de N\u00e1dia e do estado em que se encontra Alessandro. Jos\u00e9 Lu\u00eds lembra Graziela que n\u00e3o pode deixar Montserrat, pois perderia sua \u201cmesada\u201d mensal, que combinaram tempos atr\u00e1s. [&hellip;]<\/p>\n","protected":false},"author":4,"featured_media":191123,"comment_status":"closed","ping_status":"closed","sticky":false,"template":"","format":"standard","meta":{"tdm_status":"","tdm_grid_status":"","footnotes":""},"categories":[379,372,343],"tags":[441],"class_list":{"0":"post-196776","1":"post","2":"type-post","3":"status-publish","4":"format-standard","5":"has-post-thumbnail","7":"category-novelas","8":"category-sbt","9":"category-televisao","10":"tag-resumo-do-dia"},"_links":{"self":[{"href":"https:\/\/migracao.redenoticia.com.br\/noticia\/wp-json\/wp\/v2\/posts\/196776","targetHints":{"allow":["GET"]}}],"collection":[{"href":"https:\/\/migracao.redenoticia.com.br\/noticia\/wp-json\/wp\/v2\/posts"}],"about":[{"href":"https:\/\/migracao.redenoticia.com.br\/noticia\/wp-json\/wp\/v2\/types\/post"}],"author":[{"embeddable":true,"href":"https:\/\/migracao.redenoticia.com.br\/noticia\/wp-json\/wp\/v2\/users\/4"}],"replies":[{"embeddable":true,"href":"https:\/\/migracao.redenoticia.com.br\/noticia\/wp-json\/wp\/v2\/comments?post=196776"}],"version-history":[{"count":0,"href":"https:\/\/migracao.redenoticia.com.br\/noticia\/wp-json\/wp\/v2\/posts\/196776\/revisions"}],"wp:featuredmedia":[{"embeddable":true,"href":"https:\/\/migracao.redenoticia.com.br\/noticia\/wp-json\/wp\/v2\/media\/191123"}],"wp:attachment":[{"href":"https:\/\/migracao.redenoticia.com.br\/noticia\/wp-json\/wp\/v2\/media?parent=196776"}],"wp:term":[{"taxonomy":"category","embeddable":true,"href":"https:\/\/migracao.redenoticia.com.br\/noticia\/wp-json\/wp\/v2\/categories?post=196776"},{"taxonomy":"post_tag","embeddable":true,"href":"https:\/\/migracao.redenoticia.com.br\/noticia\/wp-json\/wp\/v2\/tags?post=196776"}],"curies":[{"name":"wp","href":"https:\/\/api.w.org\/{rel}","templated":true}]}}