{"id":196785,"date":"2020-08-13T12:01:17","date_gmt":"2020-08-13T15:01:17","guid":{"rendered":"https:\/\/www.redenoticia.com.br\/noticia\/?p=196785"},"modified":"2020-08-13T12:01:17","modified_gmt":"2020-08-13T15:01:17","slug":"resumo-novela-eta-mundo-bom-14-08-anastacia-e-pancracio-se-casam","status":"publish","type":"post","link":"https:\/\/migracao.redenoticia.com.br\/noticia\/2020\/resumo-novela-eta-mundo-bom-14-08-anastacia-e-pancracio-se-casam\/196785","title":{"rendered":"Resumo novela \u201cEta Mundo Bom\u201d 14\/08: Anast\u00e1cia e Pancr\u00e1cio se casam"},"content":{"rendered":"<p><img loading=\"lazy\" decoding=\"async\" class=\"aligncenter size-full wp-image-192794\" src=\"https:\/\/migracao.redenoticia.com.br\/noticia\/imagens\/eta-mundo-bom-fazenda.jpg\" alt=\"\" width=\"502\" height=\"460\" srcset=\"https:\/\/migracao.redenoticia.com.br\/noticia\/imagens\/eta-mundo-bom-fazenda.jpg 502w, https:\/\/migracao.redenoticia.com.br\/noticia\/imagens\/eta-mundo-bom-fazenda-204x187.jpg 204w, https:\/\/migracao.redenoticia.com.br\/noticia\/imagens\/eta-mundo-bom-fazenda-327x300.jpg 327w, https:\/\/migracao.redenoticia.com.br\/noticia\/imagens\/eta-mundo-bom-fazenda-153x140.jpg 153w, https:\/\/migracao.redenoticia.com.br\/noticia\/imagens\/eta-mundo-bom-fazenda-93x85.jpg 93w\" sizes=\"auto, (max-width: 502px) 100vw, 502px\" \/><\/p>\n<p><strong><em>Resumo novela \u201cEta Mundo Bom\u201d 14\/08<\/em><\/strong>: no cap\u00edtulo 080(*) da novela, sexta-feira, 14 de agosto, Maria afirma a Sandra que ir\u00e1 coloc\u00e1-la na cadeia. Anast\u00e1cia destr\u00f3i as fantasias femininas de Pancr\u00e1cio. Mafalda sente ci\u00fames de Z\u00e9 dos Porcos. Maria pede que Diana cuide de Severo. Sandra pede que Ara\u00fajo n\u00e3o revele que falsificou a assinatura de Anast\u00e1cia. Eponina manda Filomena avisar a Candinho que seu filho est\u00e1 prestes a nascer. Gerusa se sente mal e Os\u00f3rio cuida da noiva. Anast\u00e1cia e Pancr\u00e1cio se casam. Diana pede ajuda a Maria. Anast\u00e1cia e Pancr\u00e1cio t\u00eam sua noite de n\u00fapcias.<\/p>\n<p>Maria ensina Diana a cozinhar e Candinho ajuda a dan\u00e7arina a levar a comida para Severo. Josias procura Paulina. Braz leva Ilde em casa. Severo deixa Diana dormir em seu apartamento. Maria conta seu plano contra Sandra para Celso e Pirulito. Candinho recebe o telegrama de Filomena. Anast\u00e1cia encontra o dinheiro escondido dentro do jarro. Filomena sente fortes dores e Z\u00e9 dos Porcos chama uma parteira. Filomena tem problemas durante o parto e clama por Candinho.<\/p>\n<p>(*) edi\u00e7\u00e3o das novelas da Globo, \u201cEta Mundo Bom\u201d, sujeito a altera\u00e7\u00e3o de data e conte\u00fado.<\/p>\n<p>&#8220;Eta Mundo Bom&#8221; \u00e9 ambientada em 1948. A trama conta a hist\u00f3ria de Candinho (S\u00e9rgio Guiz\u00e9), que foi separado da m\u00e3e logo ap\u00f3s seu nascimento e foi acolhido pelo casal Cunegundes (Elizabeth Savalla) e Quinzinho (Ary Fontoura), donos da decadente fazenda Dom Pedro II, perto da cidade fict\u00edcia de Piracema, por volta dos anos 20.<\/p>\n","protected":false},"excerpt":{"rendered":"<p>Resumo novela \u201cEta Mundo Bom\u201d 14\/08: no cap\u00edtulo 080(*) da novela, sexta-feira, 14 de agosto, Maria afirma a Sandra que ir\u00e1 coloc\u00e1-la na cadeia. Anast\u00e1cia destr\u00f3i as fantasias femininas de Pancr\u00e1cio. Mafalda sente ci\u00fames de Z\u00e9 dos Porcos. Maria pede que Diana cuide de Severo. Sandra pede que Ara\u00fajo n\u00e3o revele que falsificou a assinatura [&hellip;]<\/p>\n","protected":false},"author":4,"featured_media":195144,"comment_status":"closed","ping_status":"closed","sticky":false,"template":"","format":"standard","meta":{"tdm_status":"","tdm_grid_status":"","footnotes":""},"categories":[558,379,375,343],"tags":[441],"class_list":{"0":"post-196785","1":"post","2":"type-post","3":"status-publish","4":"format-standard","5":"has-post-thumbnail","7":"category-eta-mundo-bom","8":"category-novelas","9":"category-rede-globo","10":"category-televisao","11":"tag-resumo-do-dia"},"_links":{"self":[{"href":"https:\/\/migracao.redenoticia.com.br\/noticia\/wp-json\/wp\/v2\/posts\/196785","targetHints":{"allow":["GET"]}}],"collection":[{"href":"https:\/\/migracao.redenoticia.com.br\/noticia\/wp-json\/wp\/v2\/posts"}],"about":[{"href":"https:\/\/migracao.redenoticia.com.br\/noticia\/wp-json\/wp\/v2\/types\/post"}],"author":[{"embeddable":true,"href":"https:\/\/migracao.redenoticia.com.br\/noticia\/wp-json\/wp\/v2\/users\/4"}],"replies":[{"embeddable":true,"href":"https:\/\/migracao.redenoticia.com.br\/noticia\/wp-json\/wp\/v2\/comments?post=196785"}],"version-history":[{"count":0,"href":"https:\/\/migracao.redenoticia.com.br\/noticia\/wp-json\/wp\/v2\/posts\/196785\/revisions"}],"wp:featuredmedia":[{"embeddable":true,"href":"https:\/\/migracao.redenoticia.com.br\/noticia\/wp-json\/wp\/v2\/media\/195144"}],"wp:attachment":[{"href":"https:\/\/migracao.redenoticia.com.br\/noticia\/wp-json\/wp\/v2\/media?parent=196785"}],"wp:term":[{"taxonomy":"category","embeddable":true,"href":"https:\/\/migracao.redenoticia.com.br\/noticia\/wp-json\/wp\/v2\/categories?post=196785"},{"taxonomy":"post_tag","embeddable":true,"href":"https:\/\/migracao.redenoticia.com.br\/noticia\/wp-json\/wp\/v2\/tags?post=196785"}],"curies":[{"name":"wp","href":"https:\/\/api.w.org\/{rel}","templated":true}]}}