{"id":196873,"date":"2020-08-11T23:56:06","date_gmt":"2020-08-12T02:56:06","guid":{"rendered":"https:\/\/www.redenoticia.com.br\/noticia\/?p=196873"},"modified":"2020-08-20T12:54:25","modified_gmt":"2020-08-20T15:54:25","slug":"novela-eta-mundo-bom-leonardo-comeca-a-cortejar-filomena","status":"publish","type":"post","link":"https:\/\/migracao.redenoticia.com.br\/noticia\/2020\/novela-eta-mundo-bom-leonardo-comeca-a-cortejar-filomena\/196873","title":{"rendered":"Novela &#8220;Eta Mundo Bom&#8221;: Leonardo corteja Filomena"},"content":{"rendered":"<p><img loading=\"lazy\" decoding=\"async\" src=\"https:\/\/migracao.redenoticia.com.br\/noticia\/imagens\/eta-mundo-bom-resumo-novela-sinopse.jpg\" alt=\"\" width=\"1280\" height=\"720\" class=\"aligncenter size-full wp-image-195885\" srcset=\"https:\/\/migracao.redenoticia.com.br\/noticia\/imagens\/eta-mundo-bom-resumo-novela-sinopse.jpg 1280w, https:\/\/migracao.redenoticia.com.br\/noticia\/imagens\/eta-mundo-bom-resumo-novela-sinopse-250x140.jpg 250w, https:\/\/migracao.redenoticia.com.br\/noticia\/imagens\/eta-mundo-bom-resumo-novela-sinopse-400x225.jpg 400w, https:\/\/migracao.redenoticia.com.br\/noticia\/imagens\/eta-mundo-bom-resumo-novela-sinopse-768x432.jpg 768w, https:\/\/migracao.redenoticia.com.br\/noticia\/imagens\/eta-mundo-bom-resumo-novela-sinopse-150x85.jpg 150w, https:\/\/migracao.redenoticia.com.br\/noticia\/imagens\/eta-mundo-bom-resumo-novela-sinopse-696x392.jpg 696w, https:\/\/migracao.redenoticia.com.br\/noticia\/imagens\/eta-mundo-bom-resumo-novela-sinopse-1068x601.jpg 1068w\" sizes=\"auto, (max-width: 1280px) 100vw, 1280px\" \/> <\/p>\n<p>Na novela <strong><em>&#8220;Eta Mundo Bom&#8221;<\/em><\/strong>, Candinho (Sergio Guiz\u00e9) ganha rival que promete conquistar a amada. Candinho que se cuide! Leonardo (Renato Rabello), o dono da venda de Piracema, come\u00e7a a cortejar Filomena (D\u00e9bora Nascimento) na fazenda. Mas o que os tr\u00eas n\u00e3o sabem \u00e9 que tudo faz parte de um plano de Cunegundes (Elizabeth Savala) para impedir o cas\u00f3rio da filha com Candinho.<\/p>\n<p>Cenas previstas nos resumos dos cap\u00edtulos de agosto, na novela &#8220;Eta Mundo Bom&#8221;.<\/p>\n<p>Sinopse Novela &#8220;Eta Mundo Bom&#8221;: Ambientada em 1948, a trama conta a hist\u00f3ria de Candinho (S\u00e9rgio Guiz\u00e9), que foi separado da m\u00e3e logo ap\u00f3s seu nascimento e foi acolhido pelo casal Cunegundes (Elizabeth Savalla) e Quinzinho (Ary Fontoura), donos da decadente fazenda Dom Pedro II, perto da cidade fict\u00edcia de Piracema, por volta dos anos 20. O casal, que h\u00e1 tempos tenta um herdeiro sem sucesso, decide ficar com o beb\u00ea. Mas n\u00e3o demora para Cunegundes finalmente engravidar e ganhar tr\u00eas filhos leg\u00edtimos: Filomena, a Fil\u00f3 (D\u00e9bora Nascimento), Mafalda (Camila Queiroz) e Quincas (Miguel R\u00f4mulo), e o pobre Candinho vai sendo deixado de lado pelos \u201cpais\u201d, mesmo com a prote\u00e7\u00e3o de Eponina (Rosi Campos), irm\u00e3 de Quinzinho, e Manuela (Dhu Moraes), a empregada da fazenda. Um amigo da fam\u00edlia tamb\u00e9m est\u00e1 sempre por perto, apoiando Candinho: Pancr\u00e1cio (Marco Nanini).<\/p>\n","protected":false},"excerpt":{"rendered":"<p>Na novela &#8220;Eta Mundo Bom&#8221;, Candinho (Sergio Guiz\u00e9) ganha rival que promete conquistar a amada. Candinho que se cuide! Leonardo (Renato Rabello), o dono da venda de Piracema, come\u00e7a a cortejar Filomena (D\u00e9bora Nascimento) na fazenda. Mas o que os tr\u00eas n\u00e3o sabem \u00e9 que tudo faz parte de um plano de Cunegundes (Elizabeth Savala) [&hellip;]<\/p>\n","protected":false},"author":2,"featured_media":195884,"comment_status":"closed","ping_status":"closed","sticky":false,"template":"","format":"standard","meta":{"tdm_status":"","tdm_grid_status":"","footnotes":""},"categories":[558,379,375,343],"tags":[440],"class_list":{"0":"post-196873","1":"post","2":"type-post","3":"status-publish","4":"format-standard","5":"has-post-thumbnail","7":"category-eta-mundo-bom","8":"category-novelas","9":"category-rede-globo","10":"category-televisao","11":"tag-noticia-novela"},"_links":{"self":[{"href":"https:\/\/migracao.redenoticia.com.br\/noticia\/wp-json\/wp\/v2\/posts\/196873","targetHints":{"allow":["GET"]}}],"collection":[{"href":"https:\/\/migracao.redenoticia.com.br\/noticia\/wp-json\/wp\/v2\/posts"}],"about":[{"href":"https:\/\/migracao.redenoticia.com.br\/noticia\/wp-json\/wp\/v2\/types\/post"}],"author":[{"embeddable":true,"href":"https:\/\/migracao.redenoticia.com.br\/noticia\/wp-json\/wp\/v2\/users\/2"}],"replies":[{"embeddable":true,"href":"https:\/\/migracao.redenoticia.com.br\/noticia\/wp-json\/wp\/v2\/comments?post=196873"}],"version-history":[{"count":0,"href":"https:\/\/migracao.redenoticia.com.br\/noticia\/wp-json\/wp\/v2\/posts\/196873\/revisions"}],"wp:featuredmedia":[{"embeddable":true,"href":"https:\/\/migracao.redenoticia.com.br\/noticia\/wp-json\/wp\/v2\/media\/195884"}],"wp:attachment":[{"href":"https:\/\/migracao.redenoticia.com.br\/noticia\/wp-json\/wp\/v2\/media?parent=196873"}],"wp:term":[{"taxonomy":"category","embeddable":true,"href":"https:\/\/migracao.redenoticia.com.br\/noticia\/wp-json\/wp\/v2\/categories?post=196873"},{"taxonomy":"post_tag","embeddable":true,"href":"https:\/\/migracao.redenoticia.com.br\/noticia\/wp-json\/wp\/v2\/tags?post=196873"}],"curies":[{"name":"wp","href":"https:\/\/api.w.org\/{rel}","templated":true}]}}