{"id":196885,"date":"2020-08-17T00:33:46","date_gmt":"2020-08-17T03:33:46","guid":{"rendered":"https:\/\/www.redenoticia.com.br\/noticia\/?p=196885"},"modified":"2020-08-20T12:51:32","modified_gmt":"2020-08-20T15:51:32","slug":"resumo-novela-novo-mundo-17-08-anna-afirma-que-sabe-onde-encontrar-seu-pai","status":"publish","type":"post","link":"https:\/\/migracao.redenoticia.com.br\/noticia\/2020\/resumo-novela-novo-mundo-17-08-anna-afirma-que-sabe-onde-encontrar-seu-pai\/196885","title":{"rendered":"Resumo novela \u201cNovo Mundo\u201d 17\/08: Anna afirma que sabe onde encontrar seu pai"},"content":{"rendered":"<p><img loading=\"lazy\" decoding=\"async\" src=\"https:\/\/migracao.redenoticia.com.br\/noticia\/imagens\/novela-novo-mundo-resumo-pedro-anna-leopoldina.jpg\" alt=\"\" width=\"1280\" height=\"720\" class=\"aligncenter size-full wp-image-195883\" srcset=\"https:\/\/migracao.redenoticia.com.br\/noticia\/imagens\/novela-novo-mundo-resumo-pedro-anna-leopoldina.jpg 1280w, https:\/\/migracao.redenoticia.com.br\/noticia\/imagens\/novela-novo-mundo-resumo-pedro-anna-leopoldina-250x140.jpg 250w, https:\/\/migracao.redenoticia.com.br\/noticia\/imagens\/novela-novo-mundo-resumo-pedro-anna-leopoldina-400x225.jpg 400w, https:\/\/migracao.redenoticia.com.br\/noticia\/imagens\/novela-novo-mundo-resumo-pedro-anna-leopoldina-768x432.jpg 768w, https:\/\/migracao.redenoticia.com.br\/noticia\/imagens\/novela-novo-mundo-resumo-pedro-anna-leopoldina-150x85.jpg 150w, https:\/\/migracao.redenoticia.com.br\/noticia\/imagens\/novela-novo-mundo-resumo-pedro-anna-leopoldina-696x392.jpg 696w, https:\/\/migracao.redenoticia.com.br\/noticia\/imagens\/novela-novo-mundo-resumo-pedro-anna-leopoldina-1068x601.jpg 1068w\" sizes=\"auto, (max-width: 1280px) 100vw, 1280px\" \/><\/p>\n<p><em><strong>Resumo novela \u201cNovo Mundo\u201d 17\/08<\/strong><\/em>: no cap\u00edtulo 120(*) da novela, segunda-feira, 17 de agosto, todos comemoram a Independ\u00eancia do Brasil. Dom Pedro e Leopoldina s\u00e3o proclamados imperadores do pa\u00eds. Chala\u00e7a revela a Anna que Pedro esteve com Domitila. Licurgo e Germana oferecem um bolo em homenagem a Leopoldina. Por ordem de Dom Pedro, Fel\u00edcio \u00e9 transferido, e Domitila comemora. Hugo e Licurgo se aproximam. Piat\u00e3 acredita que seu pai esteja na aldeia visitada por ele. A sa\u00fade de Wolfgang melhora e Greta questiona Schultz. Todos se preparam para a festa da Independ\u00eancia. Pedro agradece e se declara para Leopoldina. Greta ataca Schultz.<\/p>\n<p>Greta tenta disfar\u00e7ar a morte de Schultz e volta a envenenar Wolfgang. Peter comenta com Diara que o estado de Wolfgang n\u00e3o apresenta sintomas de doen\u00e7a. Thomas det\u00e9m Anna e N\u00edvea. Matias desconfia das atitudes de Sebasti\u00e3o e alerta Lib\u00e9rio e Cec\u00edlia. Piat\u00e3, Jacira e Olinto chegam para resgatar Anna e enfrentam Thomas. Hugo insiste para que Elvira revele a Joaquim que eles nunca foram casados. Benedita e Francisco apoiam Domitila em sua luta por Pedro. Thomas consegue fugir novamente. Wolfgang piora, e Diara estranha. Greta finge desespero sobre a morte de Schultz. Fred garante a Liu que n\u00e3o desistir\u00e1 do ouro do gale\u00e3o. Piat\u00e3 conta para Anna sobre suas vis\u00f5es e ela afirma que sabe onde encontrar seu pai.<\/p>\n<p>(*) edi\u00e7\u00e3o das novelas da Globo, \u201cNovo Mundo\u201d, sujeito a altera\u00e7\u00e3o de data e conte\u00fado.<\/p>\n<p>Sinopse \u201cNovo Mundo\u201d: Em 1817 Anna Millman (Isabelle Drummond) \u00e9 uma inglesa que \u00e9 professora de portugu\u00eas que se envolve com o ator luso-brasileiro Joaquim Martinho (Chay Suede). Os dois se conhecem na Europa, mas v\u00eam ao pa\u00eds por causa da uni\u00e3o da futura imperatriz do Brasil com Dom Pedro (Caio Castro). Seus destinos se cruzam ao se encontrarem a bordo do navio que traz a princesa Maria Leopoldina de \u00c1ustria (Let\u00edcia Colin) para o Brasil, j\u00e1 que havia se casado com Dom Pedro por meio de uma procura\u00e7\u00e3o. Os dois iniciam um romance durante a viagem ao Novo Mundo.<\/p>\n","protected":false},"excerpt":{"rendered":"<p>Resumo novela \u201cNovo Mundo\u201d 17\/08: no cap\u00edtulo 120(*) da novela, segunda-feira, 17 de agosto, todos comemoram a Independ\u00eancia do Brasil. Dom Pedro e Leopoldina s\u00e3o proclamados imperadores do pa\u00eds. Chala\u00e7a revela a Anna que Pedro esteve com Domitila. Licurgo e Germana oferecem um bolo em homenagem a Leopoldina. Por ordem de Dom Pedro, Fel\u00edcio \u00e9 [&hellip;]<\/p>\n","protected":false},"author":2,"featured_media":195130,"comment_status":"closed","ping_status":"closed","sticky":false,"template":"","format":"standard","meta":{"tdm_status":"","tdm_grid_status":"","footnotes":""},"categories":[379,557,375,343],"tags":[441],"class_list":{"0":"post-196885","1":"post","2":"type-post","3":"status-publish","4":"format-standard","5":"has-post-thumbnail","7":"category-novelas","8":"category-novo-mundo","9":"category-rede-globo","10":"category-televisao","11":"tag-resumo-do-dia"},"_links":{"self":[{"href":"https:\/\/migracao.redenoticia.com.br\/noticia\/wp-json\/wp\/v2\/posts\/196885","targetHints":{"allow":["GET"]}}],"collection":[{"href":"https:\/\/migracao.redenoticia.com.br\/noticia\/wp-json\/wp\/v2\/posts"}],"about":[{"href":"https:\/\/migracao.redenoticia.com.br\/noticia\/wp-json\/wp\/v2\/types\/post"}],"author":[{"embeddable":true,"href":"https:\/\/migracao.redenoticia.com.br\/noticia\/wp-json\/wp\/v2\/users\/2"}],"replies":[{"embeddable":true,"href":"https:\/\/migracao.redenoticia.com.br\/noticia\/wp-json\/wp\/v2\/comments?post=196885"}],"version-history":[{"count":0,"href":"https:\/\/migracao.redenoticia.com.br\/noticia\/wp-json\/wp\/v2\/posts\/196885\/revisions"}],"wp:featuredmedia":[{"embeddable":true,"href":"https:\/\/migracao.redenoticia.com.br\/noticia\/wp-json\/wp\/v2\/media\/195130"}],"wp:attachment":[{"href":"https:\/\/migracao.redenoticia.com.br\/noticia\/wp-json\/wp\/v2\/media?parent=196885"}],"wp:term":[{"taxonomy":"category","embeddable":true,"href":"https:\/\/migracao.redenoticia.com.br\/noticia\/wp-json\/wp\/v2\/categories?post=196885"},{"taxonomy":"post_tag","embeddable":true,"href":"https:\/\/migracao.redenoticia.com.br\/noticia\/wp-json\/wp\/v2\/tags?post=196885"}],"curies":[{"name":"wp","href":"https:\/\/api.w.org\/{rel}","templated":true}]}}