{"id":196924,"date":"2020-08-17T12:10:26","date_gmt":"2020-08-17T15:10:26","guid":{"rendered":"https:\/\/www.redenoticia.com.br\/noticia\/?p=196924"},"modified":"2020-08-17T12:10:26","modified_gmt":"2020-08-17T15:10:26","slug":"resumo-novela-eta-mundo-bom-18-08-anastacia-descobre-que-sandra-falsificou-sua-assinatura","status":"publish","type":"post","link":"https:\/\/migracao.redenoticia.com.br\/noticia\/2020\/resumo-novela-eta-mundo-bom-18-08-anastacia-descobre-que-sandra-falsificou-sua-assinatura\/196924","title":{"rendered":"Resumo novela \u201cEta Mundo Bom\u201d 18\/08: Anast\u00e1cia descobre que Sandra falsificou sua assinatura"},"content":{"rendered":"<p><img loading=\"lazy\" decoding=\"async\" class=\"aligncenter size-full wp-image-192794\" src=\"https:\/\/migracao.redenoticia.com.br\/noticia\/imagens\/eta-mundo-bom-fazenda.jpg\" alt=\"\" width=\"502\" height=\"460\" srcset=\"https:\/\/migracao.redenoticia.com.br\/noticia\/imagens\/eta-mundo-bom-fazenda.jpg 502w, https:\/\/migracao.redenoticia.com.br\/noticia\/imagens\/eta-mundo-bom-fazenda-204x187.jpg 204w, https:\/\/migracao.redenoticia.com.br\/noticia\/imagens\/eta-mundo-bom-fazenda-327x300.jpg 327w, https:\/\/migracao.redenoticia.com.br\/noticia\/imagens\/eta-mundo-bom-fazenda-153x140.jpg 153w, https:\/\/migracao.redenoticia.com.br\/noticia\/imagens\/eta-mundo-bom-fazenda-93x85.jpg 93w\" sizes=\"auto, (max-width: 502px) 100vw, 502px\" \/><\/p>\n<p><strong><em>Resumo novela \u201cEta Mundo Bom\u201d 18\/08<\/em><\/strong>: no cap\u00edtulo 082(*) da novela, ter\u00e7a-feira, 18 de agosto, Ara\u00fajo pensa sobre as palavras de Maria. Celso explica o plano de Maria para Anast\u00e1cia e Pancr\u00e1cio. Mafalda ouve Candinho agradecendo Z\u00e9 dos Porcos e se emociona. Josias conta que Romeu perdeu seu carro. Gerusa se sente bem e dan\u00e7a com Os\u00f3rio. Diana tenta alertar Ilde sobre Braz, mas ela n\u00e3o acredita. Anast\u00e1cia e Pancr\u00e1cio pensam em adotar Pirulito. Celso convence Ara\u00fajo a ir ao ateli\u00ea de Ernesto. Sandra fala mal de Ara\u00fajo para o c\u00famplice. Ara\u00fajo flagra Sandra e Ernesto juntos.<\/p>\n<p>Ara\u00fajo e Ernesto se enfrentam. Candinho ajuda Filomena a se levantar da cama. Mafalda se enfurece quando Sarita decide levar biscoitos para Z\u00e9 dos Porcos. Diana e Severo saem para passear. Braz convida Ilde para morar com ele. Ernesto se muda para o casar\u00e3o de Sandra. Josias pede para Z\u00e9 dos Porcos se casar com Sarita. Ara\u00fajo se aconselha com Olga e decide pedir perd\u00e3o a Anast\u00e1cia. Ara\u00fajo revela a Anast\u00e1cia que Sandra falsificou sua assinatura.<\/p>\n<p>(*) edi\u00e7\u00e3o das novelas da Globo, \u201cEta Mundo Bom\u201d, sujeito a altera\u00e7\u00e3o de data e conte\u00fado.<\/p>\n<p>&#8220;Eta Mundo Bom&#8221; \u00e9 ambientada em 1948. A trama conta a hist\u00f3ria de Candinho (S\u00e9rgio Guiz\u00e9), que foi separado da m\u00e3e logo ap\u00f3s seu nascimento e foi acolhido pelo casal Cunegundes (Elizabeth Savalla) e Quinzinho (Ary Fontoura), donos da decadente fazenda Dom Pedro II, perto da cidade fict\u00edcia de Piracema, por volta dos anos 20.<\/p>\n","protected":false},"excerpt":{"rendered":"<p>Resumo novela \u201cEta Mundo Bom\u201d 18\/08: no cap\u00edtulo 082(*) da novela, ter\u00e7a-feira, 18 de agosto, Ara\u00fajo pensa sobre as palavras de Maria. Celso explica o plano de Maria para Anast\u00e1cia e Pancr\u00e1cio. Mafalda ouve Candinho agradecendo Z\u00e9 dos Porcos e se emociona. Josias conta que Romeu perdeu seu carro. Gerusa se sente bem e dan\u00e7a [&hellip;]<\/p>\n","protected":false},"author":4,"featured_media":195129,"comment_status":"closed","ping_status":"closed","sticky":false,"template":"","format":"standard","meta":{"tdm_status":"","tdm_grid_status":"","footnotes":""},"categories":[558,379,375,343],"tags":[441],"class_list":{"0":"post-196924","1":"post","2":"type-post","3":"status-publish","4":"format-standard","5":"has-post-thumbnail","7":"category-eta-mundo-bom","8":"category-novelas","9":"category-rede-globo","10":"category-televisao","11":"tag-resumo-do-dia"},"_links":{"self":[{"href":"https:\/\/migracao.redenoticia.com.br\/noticia\/wp-json\/wp\/v2\/posts\/196924","targetHints":{"allow":["GET"]}}],"collection":[{"href":"https:\/\/migracao.redenoticia.com.br\/noticia\/wp-json\/wp\/v2\/posts"}],"about":[{"href":"https:\/\/migracao.redenoticia.com.br\/noticia\/wp-json\/wp\/v2\/types\/post"}],"author":[{"embeddable":true,"href":"https:\/\/migracao.redenoticia.com.br\/noticia\/wp-json\/wp\/v2\/users\/4"}],"replies":[{"embeddable":true,"href":"https:\/\/migracao.redenoticia.com.br\/noticia\/wp-json\/wp\/v2\/comments?post=196924"}],"version-history":[{"count":0,"href":"https:\/\/migracao.redenoticia.com.br\/noticia\/wp-json\/wp\/v2\/posts\/196924\/revisions"}],"wp:featuredmedia":[{"embeddable":true,"href":"https:\/\/migracao.redenoticia.com.br\/noticia\/wp-json\/wp\/v2\/media\/195129"}],"wp:attachment":[{"href":"https:\/\/migracao.redenoticia.com.br\/noticia\/wp-json\/wp\/v2\/media?parent=196924"}],"wp:term":[{"taxonomy":"category","embeddable":true,"href":"https:\/\/migracao.redenoticia.com.br\/noticia\/wp-json\/wp\/v2\/categories?post=196924"},{"taxonomy":"post_tag","embeddable":true,"href":"https:\/\/migracao.redenoticia.com.br\/noticia\/wp-json\/wp\/v2\/tags?post=196924"}],"curies":[{"name":"wp","href":"https:\/\/api.w.org\/{rel}","templated":true}]}}