{"id":196933,"date":"2020-08-17T12:13:34","date_gmt":"2020-08-17T15:13:34","guid":{"rendered":"https:\/\/www.redenoticia.com.br\/noticia\/?p=196933"},"modified":"2020-08-17T12:13:34","modified_gmt":"2020-08-17T15:13:34","slug":"resumo-novela-totalmente-demais-18-08-lili-descobre-que-no-dia-do-acidente-havia-uma-garota-no-carro","status":"publish","type":"post","link":"https:\/\/migracao.redenoticia.com.br\/noticia\/2020\/resumo-novela-totalmente-demais-18-08-lili-descobre-que-no-dia-do-acidente-havia-uma-garota-no-carro\/196933","title":{"rendered":"Resumo novela \u201cTotalmente Demais\u201d 18\/08: Lili descobre que no dia do acidente havia uma garota no carro"},"content":{"rendered":"<p><img loading=\"lazy\" decoding=\"async\" class=\"aligncenter size-full wp-image-190258\" src=\"https:\/\/migracao.redenoticia.com.br\/noticia\/imagens\/totalmente-demais-reprise.jpg\" alt=\"\" width=\"594\" height=\"520\" srcset=\"https:\/\/migracao.redenoticia.com.br\/noticia\/imagens\/totalmente-demais-reprise.jpg 594w, https:\/\/migracao.redenoticia.com.br\/noticia\/imagens\/totalmente-demais-reprise-214x187.jpg 214w, https:\/\/migracao.redenoticia.com.br\/noticia\/imagens\/totalmente-demais-reprise-343x300.jpg 343w, https:\/\/migracao.redenoticia.com.br\/noticia\/imagens\/totalmente-demais-reprise-160x140.jpg 160w, https:\/\/migracao.redenoticia.com.br\/noticia\/imagens\/totalmente-demais-reprise-97x85.jpg 97w\" sizes=\"auto, (max-width: 594px) 100vw, 594px\" \/><\/p>\n<p><em><strong>Resumo novela \u201cTotalmente Demais\u201d 18\/08<\/strong><\/em>: no cap\u00edtulo 122(*) da novela, ter\u00e7a-feira, 18 de agosto, Max decide contar a verdade a seus pais, que pedem perd\u00e3o ao filho. Ivo conta a Lili que havia uma garota no carro, no momento do acidente de Sofia.<\/p>\n<p>Charles pede D\u00e9bora em namoro. Carolina se surpreende ao descobrir que o Flor do L\u00e1cio \u00e9 de Eliza. Fabinho v\u00ea mo\u00e7a parecida com Sofia observando o pr\u00e9dio de Rafael.<\/p>\n<p>(*) edi\u00e7\u00e3o das novelas da Globo, \u201cTotalmente Demais\u201d, sujeito a altera\u00e7\u00e3o de data e conte\u00fado.<\/p>\n<p>Sinopse \u201cTotalmente Demais\u201d: Eliza (Marina Ruy Barbosa) \u00e9 uma jovem de 18 anos que foge de casa, em Campo Claro, cidade fict\u00edcia do interior fluminense, ap\u00f3s ser assediada por parte do seu padrasto Dino (Paulo Rocha). Ela n\u00e3o conheceu o pai, e sua m\u00e3e, Gilda (Leona Cavalli), diz que ele era um caminhoneiro que foi embora nas estradas. O sonho dela \u00e9 conhecer esse pai e tirar a fam\u00edlia da situa\u00e7\u00e3o dif\u00edcil em que vivem. A m\u00e3e se casou com o Dino e teve mais dois filhos.<\/p>\n<p>Quando Eliza era crian\u00e7a, se dava bem com Dino, mas depois que cresceu come\u00e7ou a bater muito de frente com o padrasto. Assim que ela chega ao Rio de Janeiro, ela vai para uma pens\u00e3o, mas \u00e9 roubada. Sem op\u00e7\u00e3o, a jovem passa a morar nas ruas, e conhece Jonatas (Felipe Simas), que vende balas nos sem\u00e1foros da Lapa para ajudar sua fam\u00edlia, que vive na zona oeste da capital fluminense.<\/p>\n","protected":false},"excerpt":{"rendered":"<p>Resumo novela \u201cTotalmente Demais\u201d 18\/08: no cap\u00edtulo 122(*) da novela, ter\u00e7a-feira, 18 de agosto, Max decide contar a verdade a seus pais, que pedem perd\u00e3o ao filho. Ivo conta a Lili que havia uma garota no carro, no momento do acidente de Sofia. Charles pede D\u00e9bora em namoro. Carolina se surpreende ao descobrir que o [&hellip;]<\/p>\n","protected":false},"author":4,"featured_media":195126,"comment_status":"closed","ping_status":"closed","sticky":false,"template":"","format":"standard","meta":{"tdm_status":"","tdm_grid_status":"","footnotes":""},"categories":[379,375,343,556],"tags":[441],"class_list":{"0":"post-196933","1":"post","2":"type-post","3":"status-publish","4":"format-standard","5":"has-post-thumbnail","7":"category-novelas","8":"category-rede-globo","9":"category-televisao","10":"category-totalmente-demais","11":"tag-resumo-do-dia"},"_links":{"self":[{"href":"https:\/\/migracao.redenoticia.com.br\/noticia\/wp-json\/wp\/v2\/posts\/196933","targetHints":{"allow":["GET"]}}],"collection":[{"href":"https:\/\/migracao.redenoticia.com.br\/noticia\/wp-json\/wp\/v2\/posts"}],"about":[{"href":"https:\/\/migracao.redenoticia.com.br\/noticia\/wp-json\/wp\/v2\/types\/post"}],"author":[{"embeddable":true,"href":"https:\/\/migracao.redenoticia.com.br\/noticia\/wp-json\/wp\/v2\/users\/4"}],"replies":[{"embeddable":true,"href":"https:\/\/migracao.redenoticia.com.br\/noticia\/wp-json\/wp\/v2\/comments?post=196933"}],"version-history":[{"count":0,"href":"https:\/\/migracao.redenoticia.com.br\/noticia\/wp-json\/wp\/v2\/posts\/196933\/revisions"}],"wp:featuredmedia":[{"embeddable":true,"href":"https:\/\/migracao.redenoticia.com.br\/noticia\/wp-json\/wp\/v2\/media\/195126"}],"wp:attachment":[{"href":"https:\/\/migracao.redenoticia.com.br\/noticia\/wp-json\/wp\/v2\/media?parent=196933"}],"wp:term":[{"taxonomy":"category","embeddable":true,"href":"https:\/\/migracao.redenoticia.com.br\/noticia\/wp-json\/wp\/v2\/categories?post=196933"},{"taxonomy":"post_tag","embeddable":true,"href":"https:\/\/migracao.redenoticia.com.br\/noticia\/wp-json\/wp\/v2\/tags?post=196933"}],"curies":[{"name":"wp","href":"https:\/\/api.w.org\/{rel}","templated":true}]}}