{"id":196951,"date":"2020-08-18T12:17:19","date_gmt":"2020-08-18T15:17:19","guid":{"rendered":"https:\/\/www.redenoticia.com.br\/noticia\/?p=196951"},"modified":"2020-08-18T12:17:19","modified_gmt":"2020-08-18T15:17:19","slug":"resumo-novela-quando-me-apaixono-19-08-renata-vai-morar-com-constanza-e-honorio","status":"publish","type":"post","link":"https:\/\/migracao.redenoticia.com.br\/noticia\/2020\/resumo-novela-quando-me-apaixono-19-08-renata-vai-morar-com-constanza-e-honorio\/196951","title":{"rendered":"Resumo novela \u201cQuando me Apaixono \u201d 19\/08: Renata vai morar com Constanza e Hon\u00f3rio"},"content":{"rendered":"<p><em><strong><img loading=\"lazy\" decoding=\"async\" class=\"aligncenter size-full wp-image-195148\" src=\"https:\/\/migracao.redenoticia.com.br\/noticia\/imagens\/Resumo-Quando-me-Apaixono-capitulos-novela-sbt.jpg\" alt=\"\" width=\"1280\" height=\"720\" srcset=\"https:\/\/migracao.redenoticia.com.br\/noticia\/imagens\/Resumo-Quando-me-Apaixono-capitulos-novela-sbt.jpg 1280w, https:\/\/migracao.redenoticia.com.br\/noticia\/imagens\/Resumo-Quando-me-Apaixono-capitulos-novela-sbt-250x140.jpg 250w, https:\/\/migracao.redenoticia.com.br\/noticia\/imagens\/Resumo-Quando-me-Apaixono-capitulos-novela-sbt-400x225.jpg 400w, https:\/\/migracao.redenoticia.com.br\/noticia\/imagens\/Resumo-Quando-me-Apaixono-capitulos-novela-sbt-768x432.jpg 768w, https:\/\/migracao.redenoticia.com.br\/noticia\/imagens\/Resumo-Quando-me-Apaixono-capitulos-novela-sbt-150x85.jpg 150w, https:\/\/migracao.redenoticia.com.br\/noticia\/imagens\/Resumo-Quando-me-Apaixono-capitulos-novela-sbt-696x392.jpg 696w, https:\/\/migracao.redenoticia.com.br\/noticia\/imagens\/Resumo-Quando-me-Apaixono-capitulos-novela-sbt-1068x601.jpg 1068w\" sizes=\"auto, (max-width: 1280px) 100vw, 1280px\" \/><\/p>\n<p>Resumo novela \u201cQuando me Apaixono \u201d 19\/08<\/strong><\/em>: no cap\u00edtulo 023(*) da novela, quarta-feira, 19 de agosto, Jer\u00f4nimo chega \u00e0 empresa Monterrubio para tentar conversar com Matias. O ex-namorado de Renata est\u00e1 muito chateado e faz esc\u00e2ndalo na frente de todos os trabalhadores, que testemunham a discuss\u00e3o entre os dois homens, at\u00e9 a chegada de Gon\u00e7alo. Hon\u00f3rio reune toda a fam\u00edlia em sua casa para expor Roberta, sem que a jovem saiba que, na verdade, quem vai contar a verdade diante de todos \u00e9 Diego Lara, o homem com quem ele planejou a humilha\u00e7\u00e3o da irm\u00e3.<\/p>\n<p>Roberta e Josefina ficam intrigadas com a convoca\u00e7\u00e3o, pois n\u00e3o imaginam qual ser\u00e1 o assunto. Ant\u00f4nio conta para Regina que perdeu a esposa e a filha em um acidente a\u00e9reo.<\/p>\n<p>Roberta nega sua culpa na frente de todos e desmaia, ent\u00e3o Fina toma a decis\u00e3o de ir para sua casa e discute com Gonzalo, por ter duvidado da palavra de sua filha. Jer\u00f4nimo pede a seu corretor na bolsa que lhe envie uma carta dizendo que devido a investimentos equivocados perdeu todo seu dinheiro. Josefina n\u00e3o s\u00f3 pensa que Roberta \u00e9 uma idiota por ter acreditado em Diego, como obriga a filha a levar a cabo seu plano para seduzir Matias e garantir o futuro delas.<\/p>\n<p>Matias vai ao bar e toma bebidas, ent\u00e3o, quando ele chega b\u00eabado em casa, Fina percebe e diz a Roberta que \u00e9 o momento perfeito para realizar seu plano macabro, para fazer todos acreditarem que sua filha dormiu com o jovem, e dizer que o filho de Rafael tem um pai. No dia seguinte, Gon\u00e7alo entra no quarto da filha e fica furioso ao v\u00ea-la na cama com Matias. Josefina finge indigna\u00e7\u00e3o e Matias, muito constrangido, diz que est\u00e1 disposto a assumir as consequ\u00eancias.<\/p>\n<p>Jer\u00f4nimo pergunta a Renata o que ela procura em um homem e se seria capaz de viver em uma fazenda. Renata responde que se fosse com ele, iria imediatamente. Regina decide assumir um compromisso com Ant\u00f4nio e ele contrata um detetive para investigar a vida e o paradeiro de Josefina. Constan\u00e7a leva Renata para viver com ela e Hon\u00f3rio e assim poder proteg\u00ea-la de Josefina e Roberta.<\/p>\n<p>(*) edi\u00e7\u00e3o das novelas do SBT, \u201cQuando me Apaixono \u201d, sujeito a altera\u00e7\u00e3o de data e conte\u00fado.<\/p>\n<p>Sinopse \u201cQuando me Apaixono\u201d: A hist\u00f3ria come\u00e7a com o nascimento de duas meninas, Regina e Roberta; ambas s\u00e3o filhas de Roberto Gamba (Sebasti\u00e1n Rulli), mas de m\u00e3es diferentes. Enquanto Regina \u00e9 filha de Regina Sober\u00f3n Gamba (Lidia \u00c1vila\/Julieta Rosen), a esposa leg\u00edtima de Roberto, Roberta \u00e9 filha de Josefina &#8220;Pepa&#8221; \u00c1lvarez Mart\u00ednez (Margarita Maga\u00f1a\/Roc\u00edo Banquells), a amante de Roberto.<\/p>\n<p>Quando Roberto diz a Pepa que n\u00e3o vai deixar sua esposa e sua filha Regina, aquela, cheia de raiva depois de causar a morte de Roberto, decide raptar a filha de Regina para se vingar dela e faz\u00ea-la sofrer. Pepa muda o nome de Regina para Renata e foge com as duas meninas, deixando Regina despeda\u00e7ada pela perda de sua filha.<\/p>\n","protected":false},"excerpt":{"rendered":"<p>Resumo novela \u201cQuando me Apaixono \u201d 19\/08: no cap\u00edtulo 023(*) da novela, quarta-feira, 19 de agosto, Jer\u00f4nimo chega \u00e0 empresa Monterrubio para tentar conversar com Matias. O ex-namorado de Renata est\u00e1 muito chateado e faz esc\u00e2ndalo na frente de todos os trabalhadores, que testemunham a discuss\u00e3o entre os dois homens, at\u00e9 a chegada de Gon\u00e7alo. [&hellip;]<\/p>\n","protected":false},"author":4,"featured_media":195893,"comment_status":"closed","ping_status":"closed","sticky":false,"template":"","format":"standard","meta":{"tdm_status":"","tdm_grid_status":"","footnotes":""},"categories":[379,2028,372,343],"tags":[441],"class_list":{"0":"post-196951","1":"post","2":"type-post","3":"status-publish","4":"format-standard","5":"has-post-thumbnail","7":"category-novelas","8":"category-quando-me-apaixono","9":"category-sbt","10":"category-televisao","11":"tag-resumo-do-dia"},"_links":{"self":[{"href":"https:\/\/migracao.redenoticia.com.br\/noticia\/wp-json\/wp\/v2\/posts\/196951","targetHints":{"allow":["GET"]}}],"collection":[{"href":"https:\/\/migracao.redenoticia.com.br\/noticia\/wp-json\/wp\/v2\/posts"}],"about":[{"href":"https:\/\/migracao.redenoticia.com.br\/noticia\/wp-json\/wp\/v2\/types\/post"}],"author":[{"embeddable":true,"href":"https:\/\/migracao.redenoticia.com.br\/noticia\/wp-json\/wp\/v2\/users\/4"}],"replies":[{"embeddable":true,"href":"https:\/\/migracao.redenoticia.com.br\/noticia\/wp-json\/wp\/v2\/comments?post=196951"}],"version-history":[{"count":0,"href":"https:\/\/migracao.redenoticia.com.br\/noticia\/wp-json\/wp\/v2\/posts\/196951\/revisions"}],"wp:featuredmedia":[{"embeddable":true,"href":"https:\/\/migracao.redenoticia.com.br\/noticia\/wp-json\/wp\/v2\/media\/195893"}],"wp:attachment":[{"href":"https:\/\/migracao.redenoticia.com.br\/noticia\/wp-json\/wp\/v2\/media?parent=196951"}],"wp:term":[{"taxonomy":"category","embeddable":true,"href":"https:\/\/migracao.redenoticia.com.br\/noticia\/wp-json\/wp\/v2\/categories?post=196951"},{"taxonomy":"post_tag","embeddable":true,"href":"https:\/\/migracao.redenoticia.com.br\/noticia\/wp-json\/wp\/v2\/tags?post=196951"}],"curies":[{"name":"wp","href":"https:\/\/api.w.org\/{rel}","templated":true}]}}