{"id":197037,"date":"2020-08-19T15:52:49","date_gmt":"2020-08-19T18:52:49","guid":{"rendered":"https:\/\/www.redenoticia.com.br\/noticia\/?p=197037"},"modified":"2020-08-22T15:03:31","modified_gmt":"2020-08-22T18:03:31","slug":"resumo-eta-mundo-bom-20-08-anastacia-quer-colocar-sandra-na-cadeia","status":"publish","type":"post","link":"https:\/\/migracao.redenoticia.com.br\/noticia\/2020\/resumo-eta-mundo-bom-20-08-anastacia-quer-colocar-sandra-na-cadeia\/197037","title":{"rendered":"Resumo \u201cEta Mundo Bom\u201d 20\/08: Anast\u00e1cia quer colocar Sandra na cadeia"},"content":{"rendered":"<p> <img loading=\"lazy\" decoding=\"async\" class=\"aligncenter size-full wp-image-192794\" src=\"https:\/\/migracao.redenoticia.com.br\/noticia\/imagens\/eta-mundo-bom-fazenda.jpg\" alt=\"\" width=\"502\" height=\"460\" srcset=\"https:\/\/migracao.redenoticia.com.br\/noticia\/imagens\/eta-mundo-bom-fazenda.jpg 502w, https:\/\/migracao.redenoticia.com.br\/noticia\/imagens\/eta-mundo-bom-fazenda-204x187.jpg 204w, https:\/\/migracao.redenoticia.com.br\/noticia\/imagens\/eta-mundo-bom-fazenda-327x300.jpg 327w, https:\/\/migracao.redenoticia.com.br\/noticia\/imagens\/eta-mundo-bom-fazenda-153x140.jpg 153w, https:\/\/migracao.redenoticia.com.br\/noticia\/imagens\/eta-mundo-bom-fazenda-93x85.jpg 93w\" sizes=\"auto, (max-width: 502px) 100vw, 502px\" \/><\/p>\n<p><strong><em>Resumo novela \u201cEta Mundo Bom\u201d 20\/08<\/em><\/strong>: no cap\u00edtulo 084(*) da novela, quinta-feira, 20 de agosto, Sandra faz uma proposta a Anast\u00e1cia. Mafalda sofre por acreditar que Z\u00e9 dos Porcos queira casar com Sarita. Eug\u00eanio, pai de Leandro, conhece Aninha e convida Maria para uma conversa. Mafalda decide se unir a Romeu mesmo sem am\u00e1-lo. Paulina anuncia que colocou o dancing \u00e0 venda. Diana se muda para a casa de Severo. Eug\u00eanio pede Maria em casamento para tornar Aninha sua herdeira, e Celso ouve. Anast\u00e1cia afirma a Dantas que deseja colocar Sandra na cadeia. Sandra questiona seu advogado sobre como internar Anast\u00e1cia em um hosp\u00edcio.<\/p>\n<p>Dantas aconselha Anast\u00e1cia a considerar um acordo com Sandra. Maria e Celso explicam a Eug\u00eanio que ele poder\u00e1 visitar Aninha sempre que desejar ver a neta. Diana e Severo come\u00e7am a se entender. Os\u00f3rio mostra as alian\u00e7as de casamento para Gerusa. Tobias convence Narcisa a permitir que Emma e Lauro fiquem juntos. H\u00e1 uma passagem de tempo. Pandolfo anuncia que o petr\u00f3leo est\u00e1 prestes a jorrar nas terras de Cunegundes. Com a ajuda de Paulina, Sandra e Ernesto fazem um acordo para que Haroldo deponha contra Anast\u00e1cia no tribunal.<\/p>\n<p>(*) edi\u00e7\u00e3o das novelas da Globo, \u201cEta Mundo Bom\u201d, sujeito a altera\u00e7\u00e3o de data e conte\u00fado.<\/p>\n<p>&#8220;Eta Mundo Bom&#8221; \u00e9 ambientada em 1948. A trama conta a hist\u00f3ria de Candinho (S\u00e9rgio Guiz\u00e9), que foi separado da m\u00e3e logo ap\u00f3s seu nascimento e foi acolhido pelo casal Cunegundes (Elizabeth Savalla) e Quinzinho (Ary Fontoura), donos da decadente fazenda Dom Pedro II, perto da cidade fict\u00edcia de Piracema, por volta dos anos 20.<\/p>\n","protected":false},"excerpt":{"rendered":"<p>Resumo novela \u201cEta Mundo Bom\u201d 20\/08: no cap\u00edtulo 084(*) da novela, quinta-feira, 20 de agosto, Sandra faz uma proposta a Anast\u00e1cia. Mafalda sofre por acreditar que Z\u00e9 dos Porcos queira casar com Sarita. Eug\u00eanio, pai de Leandro, conhece Aninha e convida Maria para uma conversa. Mafalda decide se unir a Romeu mesmo sem am\u00e1-lo. Paulina [&hellip;]<\/p>\n","protected":false},"author":2,"featured_media":195144,"comment_status":"closed","ping_status":"closed","sticky":false,"template":"","format":"standard","meta":{"tdm_status":"","tdm_grid_status":"","footnotes":""},"categories":[558,379,375,2025,343],"tags":[441],"class_list":{"0":"post-197037","1":"post","2":"type-post","3":"status-publish","4":"format-standard","5":"has-post-thumbnail","7":"category-eta-mundo-bom","8":"category-novelas","9":"category-rede-globo","10":"category-resumo","11":"category-televisao","12":"tag-resumo-do-dia"},"_links":{"self":[{"href":"https:\/\/migracao.redenoticia.com.br\/noticia\/wp-json\/wp\/v2\/posts\/197037","targetHints":{"allow":["GET"]}}],"collection":[{"href":"https:\/\/migracao.redenoticia.com.br\/noticia\/wp-json\/wp\/v2\/posts"}],"about":[{"href":"https:\/\/migracao.redenoticia.com.br\/noticia\/wp-json\/wp\/v2\/types\/post"}],"author":[{"embeddable":true,"href":"https:\/\/migracao.redenoticia.com.br\/noticia\/wp-json\/wp\/v2\/users\/2"}],"replies":[{"embeddable":true,"href":"https:\/\/migracao.redenoticia.com.br\/noticia\/wp-json\/wp\/v2\/comments?post=197037"}],"version-history":[{"count":0,"href":"https:\/\/migracao.redenoticia.com.br\/noticia\/wp-json\/wp\/v2\/posts\/197037\/revisions"}],"wp:featuredmedia":[{"embeddable":true,"href":"https:\/\/migracao.redenoticia.com.br\/noticia\/wp-json\/wp\/v2\/media\/195144"}],"wp:attachment":[{"href":"https:\/\/migracao.redenoticia.com.br\/noticia\/wp-json\/wp\/v2\/media?parent=197037"}],"wp:term":[{"taxonomy":"category","embeddable":true,"href":"https:\/\/migracao.redenoticia.com.br\/noticia\/wp-json\/wp\/v2\/categories?post=197037"},{"taxonomy":"post_tag","embeddable":true,"href":"https:\/\/migracao.redenoticia.com.br\/noticia\/wp-json\/wp\/v2\/tags?post=197037"}],"curies":[{"name":"wp","href":"https:\/\/api.w.org\/{rel}","templated":true}]}}