{"id":197048,"date":"2020-08-19T16:12:58","date_gmt":"2020-08-19T19:12:58","guid":{"rendered":"https:\/\/www.redenoticia.com.br\/noticia\/?p=197048"},"modified":"2020-08-22T15:03:29","modified_gmt":"2020-08-22T18:03:29","slug":"resumo-totalmente-demais-20-08-hugo-demite-lorena","status":"publish","type":"post","link":"https:\/\/migracao.redenoticia.com.br\/noticia\/2020\/resumo-totalmente-demais-20-08-hugo-demite-lorena\/197048","title":{"rendered":"Resumo \u201cTotalmente Demais\u201d 20\/08: Hugo demite Lorena"},"content":{"rendered":"<p> <img loading=\"lazy\" decoding=\"async\" class=\"aligncenter size-full wp-image-190258\" src=\"https:\/\/migracao.redenoticia.com.br\/noticia\/imagens\/totalmente-demais-reprise.jpg\" alt=\"\" width=\"594\" height=\"520\" srcset=\"https:\/\/migracao.redenoticia.com.br\/noticia\/imagens\/totalmente-demais-reprise.jpg 594w, https:\/\/migracao.redenoticia.com.br\/noticia\/imagens\/totalmente-demais-reprise-214x187.jpg 214w, https:\/\/migracao.redenoticia.com.br\/noticia\/imagens\/totalmente-demais-reprise-343x300.jpg 343w, https:\/\/migracao.redenoticia.com.br\/noticia\/imagens\/totalmente-demais-reprise-160x140.jpg 160w, https:\/\/migracao.redenoticia.com.br\/noticia\/imagens\/totalmente-demais-reprise-97x85.jpg 97w\" sizes=\"auto, (max-width: 594px) 100vw, 594px\" \/><\/p>\n<p><em><strong>Resumo novela \u201cTotalmente Demais\u201d 20\/08<\/strong><\/em>: no cap\u00edtulo 124(*) da novela, quinta-feira, 20 de agosto, Sofia revela a Jacar\u00e9 como sobreviveu ao acidente e sugere que ele a ajude a roubar o cofre de sua casa. Fabinho diz a Germano que acredita que Sofia possa estar viva. Wesley afirma a Montanha que est\u00e1 se sentindo recuperao. Montanha flagra Ros\u00e2ngela com Florisval.<\/p>\n<p>Sofia xonsegue um advogado para liberar Jacar\u00e9. Hugo convida Carolina para a festa do lan\u00e7amento da capa de Eliza na revista Totalmente Demais. Hugo revela que \u00e9 acionista majorit\u00e1rio da revista e anuncia a volta de Carolina como diretora de reda\u00e7\u00e3o, em substitui\u00e7\u00e3o a Lorena.<\/p>\n<p>(*) edi\u00e7\u00e3o das novelas da Globo, \u201cTotalmente Demais\u201d, sujeito a altera\u00e7\u00e3o de data e conte\u00fado.<\/p>\n<p>Sinopse \u201cTotalmente Demais\u201d: Eliza (Marina Ruy Barbosa) \u00e9 uma jovem de 18 anos que foge de casa, em Campo Claro, cidade fict\u00edcia do interior fluminense, ap\u00f3s ser assediada por parte do seu padrasto Dino (Paulo Rocha). Ela n\u00e3o conheceu o pai, e sua m\u00e3e, Gilda (Leona Cavalli), diz que ele era um caminhoneiro que foi embora nas estradas. O sonho dela \u00e9 conhecer esse pai e tirar a fam\u00edlia da situa\u00e7\u00e3o dif\u00edcil em que vivem. A m\u00e3e se casou com o Dino e teve mais dois filhos.<\/p>\n<p>Quando Eliza era crian\u00e7a, se dava bem com Dino, mas depois que cresceu come\u00e7ou a bater muito de frente com o padrasto. Assim que ela chega ao Rio de Janeiro, ela vai para uma pens\u00e3o, mas \u00e9 roubada. Sem op\u00e7\u00e3o, a jovem passa a morar nas ruas, e conhece Jonatas (Felipe Simas), que vende balas nos sem\u00e1foros da Lapa para ajudar sua fam\u00edlia, que vive na zona oeste da capital fluminense.<\/p>\n","protected":false},"excerpt":{"rendered":"<p>Resumo novela \u201cTotalmente Demais\u201d 20\/08: no cap\u00edtulo 124(*) da novela, quinta-feira, 20 de agosto, Sofia revela a Jacar\u00e9 como sobreviveu ao acidente e sugere que ele a ajude a roubar o cofre de sua casa. Fabinho diz a Germano que acredita que Sofia possa estar viva. Wesley afirma a Montanha que est\u00e1 se sentindo recuperao. [&hellip;]<\/p>\n","protected":false},"author":2,"featured_media":195126,"comment_status":"closed","ping_status":"closed","sticky":false,"template":"","format":"standard","meta":{"tdm_status":"","tdm_grid_status":"","footnotes":""},"categories":[379,375,2025,343,556],"tags":[441],"class_list":{"0":"post-197048","1":"post","2":"type-post","3":"status-publish","4":"format-standard","5":"has-post-thumbnail","7":"category-novelas","8":"category-rede-globo","9":"category-resumo","10":"category-televisao","11":"category-totalmente-demais","12":"tag-resumo-do-dia"},"_links":{"self":[{"href":"https:\/\/migracao.redenoticia.com.br\/noticia\/wp-json\/wp\/v2\/posts\/197048","targetHints":{"allow":["GET"]}}],"collection":[{"href":"https:\/\/migracao.redenoticia.com.br\/noticia\/wp-json\/wp\/v2\/posts"}],"about":[{"href":"https:\/\/migracao.redenoticia.com.br\/noticia\/wp-json\/wp\/v2\/types\/post"}],"author":[{"embeddable":true,"href":"https:\/\/migracao.redenoticia.com.br\/noticia\/wp-json\/wp\/v2\/users\/2"}],"replies":[{"embeddable":true,"href":"https:\/\/migracao.redenoticia.com.br\/noticia\/wp-json\/wp\/v2\/comments?post=197048"}],"version-history":[{"count":0,"href":"https:\/\/migracao.redenoticia.com.br\/noticia\/wp-json\/wp\/v2\/posts\/197048\/revisions"}],"wp:featuredmedia":[{"embeddable":true,"href":"https:\/\/migracao.redenoticia.com.br\/noticia\/wp-json\/wp\/v2\/media\/195126"}],"wp:attachment":[{"href":"https:\/\/migracao.redenoticia.com.br\/noticia\/wp-json\/wp\/v2\/media?parent=197048"}],"wp:term":[{"taxonomy":"category","embeddable":true,"href":"https:\/\/migracao.redenoticia.com.br\/noticia\/wp-json\/wp\/v2\/categories?post=197048"},{"taxonomy":"post_tag","embeddable":true,"href":"https:\/\/migracao.redenoticia.com.br\/noticia\/wp-json\/wp\/v2\/tags?post=197048"}],"curies":[{"name":"wp","href":"https:\/\/api.w.org\/{rel}","templated":true}]}}