{"id":197086,"date":"2020-08-20T20:21:42","date_gmt":"2020-08-20T23:21:42","guid":{"rendered":"https:\/\/www.redenoticia.com.br\/noticia\/?p=197086"},"modified":"2020-08-22T15:03:27","modified_gmt":"2020-08-22T18:03:27","slug":"resumo-novela-malhacao-21-08-clara-confessa-a-marta-que-esta-a-se-machucar","status":"publish","type":"post","link":"https:\/\/migracao.redenoticia.com.br\/noticia\/2020\/resumo-novela-malhacao-21-08-clara-confessa-a-marta-que-esta-a-se-machucar\/197086","title":{"rendered":"Resumo novela \u201cMalha\u00e7\u00e3o\u201d 21\/08: Clara confessa a Marta que est\u00e1 a se machucar"},"content":{"rendered":"<p> <img loading=\"lazy\" decoding=\"async\" class=\"aligncenter size-full wp-image-190255\" src=\"https:\/\/migracao.redenoticia.com.br\/noticia\/imagens\/malhacao-viva-diferenca-reprise.jpg\" alt=\"\" width=\"525\" height=\"525\" srcset=\"https:\/\/migracao.redenoticia.com.br\/noticia\/imagens\/malhacao-viva-diferenca-reprise.jpg 525w, https:\/\/migracao.redenoticia.com.br\/noticia\/imagens\/malhacao-viva-diferenca-reprise-187x187.jpg 187w, https:\/\/migracao.redenoticia.com.br\/noticia\/imagens\/malhacao-viva-diferenca-reprise-300x300.jpg 300w, https:\/\/migracao.redenoticia.com.br\/noticia\/imagens\/malhacao-viva-diferenca-reprise-150x150.jpg 150w, https:\/\/migracao.redenoticia.com.br\/noticia\/imagens\/malhacao-viva-diferenca-reprise-140x140.jpg 140w, https:\/\/migracao.redenoticia.com.br\/noticia\/imagens\/malhacao-viva-diferenca-reprise-85x85.jpg 85w\" sizes=\"auto, (max-width: 525px) 100vw, 525px\" \/><\/p>\n<p><em><strong>Resumo novela \u201cMalha\u00e7\u00e3o\u201d Viva a Diferen\u00e7a 21\/08<\/strong><\/em>: no cap\u00edtulo 099(*) da novela, sexta-feira, 21 de agosto, Clara afirma que n\u00e3o quer conversar com Lica sobre suas cicatrizes. Roney se desentende com Josefina por causa de Ben\u00ea. Guto diz que gostou de cantar com Ben\u00ea. Lica pede conselhos a Marta sobre como ajudar Clara. Ellen explica a Nena e Das Dores que ter\u00e1 de fazer uma prova para entrar no Col\u00e9gio Grupo.<\/p>\n<p>Tina descobre que Anderson se apresentar\u00e1 com a banda de Samantha na Balada Cultural, e Juca apoia a amiga. Ellen conta a Keyla e Ben\u00ea sobre sua decis\u00e3o. K1 e K2 acreditam que Ellen esteja escondendo algo. Josefina incentiva Ben\u00ea a vencer o medo de tocar em p\u00fablico. Max procura Tina. Clara confessa a Marta que est\u00e1 se machucando.<\/p>\n<p>(*) edi\u00e7\u00e3o das novelas da Globo, \u201cMalha\u00e7\u00e3o\u201d Viva a Diferen\u00e7a, sujeito a altera\u00e7\u00e3o de data e conte\u00fado.<\/p>\n<p>\u201cMalha\u00e7\u00e3o\u201d Viva a Diferen\u00e7a &#8211; No vibrante e ca\u00f3tico universo de S\u00e3o Paulo, Keyla (Gabriela Medvedovski), Ben\u00ea (Daphne Bozaski), Tina (Ana Hikari), Lica (Manoela Aliperti) e Ellen (Heslaine Vieira), cinco adolescentes que n\u00e3o se conheciam, se veem presas sozinhas no mesmo vag\u00e3o de metr\u00f4 por obra do acaso durante uma pane em um dia chuvoso. Como se n\u00e3o bastasse a tens\u00e3o natural da situa\u00e7\u00e3o, Keyla entra em trabalho de parto e elas se unem em solidariedade para ajud\u00e1-la no nascimento do beb\u00ea mesmo sem recursos dispon\u00edveis no local, criando um v\u00ednculo de amizade entre cinco garotas com backgrounds e personalidades completamente diferentes.<\/p>\n","protected":false},"excerpt":{"rendered":"<p>Resumo novela \u201cMalha\u00e7\u00e3o\u201d Viva a Diferen\u00e7a 21\/08: no cap\u00edtulo 099(*) da novela, sexta-feira, 21 de agosto, Clara afirma que n\u00e3o quer conversar com Lica sobre suas cicatrizes. Roney se desentende com Josefina por causa de Ben\u00ea. Guto diz que gostou de cantar com Ben\u00ea. Lica pede conselhos a Marta sobre como ajudar Clara. Ellen explica [&hellip;]<\/p>\n","protected":false},"author":2,"featured_media":195127,"comment_status":"closed","ping_status":"closed","sticky":false,"template":"","format":"standard","meta":{"tdm_status":"","tdm_grid_status":"","footnotes":""},"categories":[447,379,375,2025,343],"tags":[441],"class_list":{"0":"post-197086","1":"post","2":"type-post","3":"status-publish","4":"format-standard","5":"has-post-thumbnail","7":"category-malhacao","8":"category-novelas","9":"category-rede-globo","10":"category-resumo","11":"category-televisao","12":"tag-resumo-do-dia"},"_links":{"self":[{"href":"https:\/\/migracao.redenoticia.com.br\/noticia\/wp-json\/wp\/v2\/posts\/197086","targetHints":{"allow":["GET"]}}],"collection":[{"href":"https:\/\/migracao.redenoticia.com.br\/noticia\/wp-json\/wp\/v2\/posts"}],"about":[{"href":"https:\/\/migracao.redenoticia.com.br\/noticia\/wp-json\/wp\/v2\/types\/post"}],"author":[{"embeddable":true,"href":"https:\/\/migracao.redenoticia.com.br\/noticia\/wp-json\/wp\/v2\/users\/2"}],"replies":[{"embeddable":true,"href":"https:\/\/migracao.redenoticia.com.br\/noticia\/wp-json\/wp\/v2\/comments?post=197086"}],"version-history":[{"count":0,"href":"https:\/\/migracao.redenoticia.com.br\/noticia\/wp-json\/wp\/v2\/posts\/197086\/revisions"}],"wp:featuredmedia":[{"embeddable":true,"href":"https:\/\/migracao.redenoticia.com.br\/noticia\/wp-json\/wp\/v2\/media\/195127"}],"wp:attachment":[{"href":"https:\/\/migracao.redenoticia.com.br\/noticia\/wp-json\/wp\/v2\/media?parent=197086"}],"wp:term":[{"taxonomy":"category","embeddable":true,"href":"https:\/\/migracao.redenoticia.com.br\/noticia\/wp-json\/wp\/v2\/categories?post=197086"},{"taxonomy":"post_tag","embeddable":true,"href":"https:\/\/migracao.redenoticia.com.br\/noticia\/wp-json\/wp\/v2\/tags?post=197086"}],"curies":[{"name":"wp","href":"https:\/\/api.w.org\/{rel}","templated":true}]}}