{"id":197121,"date":"2020-08-21T11:39:56","date_gmt":"2020-08-21T14:39:56","guid":{"rendered":"https:\/\/www.redenoticia.com.br\/noticia\/?p=197121"},"modified":"2020-08-22T15:00:14","modified_gmt":"2020-08-22T18:00:14","slug":"resumo-novela-novo-mundo-22-08-peter-bebe-a-agua-sabotada-por-greta","status":"publish","type":"post","link":"https:\/\/migracao.redenoticia.com.br\/noticia\/2020\/resumo-novela-novo-mundo-22-08-peter-bebe-a-agua-sabotada-por-greta\/197121","title":{"rendered":"Resumo novela \u201cNovo Mundo\u201d 22\/08: Peter bebe a \u00e1gua sabotada por Greta"},"content":{"rendered":"<p><img loading=\"lazy\" decoding=\"async\" class=\"aligncenter size-full wp-image-190256\" src=\"https:\/\/migracao.redenoticia.com.br\/noticia\/imagens\/novo-mundo-reprise-globo.jpg\" alt=\"\" width=\"600\" height=\"600\" srcset=\"https:\/\/migracao.redenoticia.com.br\/noticia\/imagens\/novo-mundo-reprise-globo.jpg 600w, https:\/\/migracao.redenoticia.com.br\/noticia\/imagens\/novo-mundo-reprise-globo-187x187.jpg 187w, https:\/\/migracao.redenoticia.com.br\/noticia\/imagens\/novo-mundo-reprise-globo-300x300.jpg 300w, https:\/\/migracao.redenoticia.com.br\/noticia\/imagens\/novo-mundo-reprise-globo-150x150.jpg 150w, https:\/\/migracao.redenoticia.com.br\/noticia\/imagens\/novo-mundo-reprise-globo-140x140.jpg 140w, https:\/\/migracao.redenoticia.com.br\/noticia\/imagens\/novo-mundo-reprise-globo-85x85.jpg 85w\" sizes=\"auto, (max-width: 600px) 100vw, 600px\" \/><\/p>\n<p><em><strong>Resumo novela \u201cNovo Mundo\u201d 22\/08<\/strong><\/em>: no cap\u00edtulo 125(*) da novela, s\u00e1bado, 21 de agosto, Thomas relembra de seu acidente. Hugo exige que Elvira conte a verdade para Joaquim. Dalva e Lurdes incentivam o romance entre N\u00edvea e Olinto. Greta envenena a \u00e1gua de Wolfgang. Sebasti\u00e3o mente para Bonif\u00e1cio para n\u00e3o pagar suas d\u00edvidas. Elvira conta a Joaquim que eles nunca foram casados. Peter bebe a \u00e1gua sabotada e Greta fica aflita. Viriato chega para ver a pe\u00e7a apresentada por Elvira. Sebasti\u00e3o observa Matias libertar seus prisioneiros. Viriato convida Elvira para trabalhar na reabertura de seu teatro. Matias e Diara s\u00e3o presos. Dom Pedro \u00e9 saudado ao chegar ao Pa\u00e7o como Imperador.<\/p>\n<p>(*) edi\u00e7\u00e3o das novelas da Globo, \u201cNovo Mundo\u201d, sujeito a altera\u00e7\u00e3o de data e conte\u00fado.<\/p>\n<p>Sinopse \u201cNovo Mundo\u201d: Em 1817 Anna Millman (Isabelle Drummond) \u00e9 uma inglesa que \u00e9 professora de portugu\u00eas que se envolve com o ator luso-brasileiro Joaquim Martinho (Chay Suede). Os dois se conhecem na Europa, mas v\u00eam ao pa\u00eds por causa da uni\u00e3o da futura imperatriz do Brasil com Dom Pedro (Caio Castro). Seus destinos se cruzam ao se encontrarem a bordo do navio que traz a princesa Maria Leopoldina de \u00c1ustria (Let\u00edcia Colin) para o Brasil, j\u00e1 que havia se casado com Dom Pedro por meio de uma procura\u00e7\u00e3o. Os dois iniciam um romance durante a viagem ao Novo Mundo.<\/p>\n","protected":false},"excerpt":{"rendered":"<p>Resumo novela \u201cNovo Mundo\u201d 22\/08: no cap\u00edtulo 125(*) da novela, s\u00e1bado, 21 de agosto, Thomas relembra de seu acidente. Hugo exige que Elvira conte a verdade para Joaquim. Dalva e Lurdes incentivam o romance entre N\u00edvea e Olinto. Greta envenena a \u00e1gua de Wolfgang. Sebasti\u00e3o mente para Bonif\u00e1cio para n\u00e3o pagar suas d\u00edvidas. Elvira conta [&hellip;]<\/p>\n","protected":false},"author":4,"featured_media":195131,"comment_status":"closed","ping_status":"closed","sticky":false,"template":"","format":"standard","meta":{"tdm_status":"","tdm_grid_status":"","footnotes":""},"categories":[379,557,375,2025,343],"tags":[441],"class_list":{"0":"post-197121","1":"post","2":"type-post","3":"status-publish","4":"format-standard","5":"has-post-thumbnail","7":"category-novelas","8":"category-novo-mundo","9":"category-rede-globo","10":"category-resumo","11":"category-televisao","12":"tag-resumo-do-dia"},"_links":{"self":[{"href":"https:\/\/migracao.redenoticia.com.br\/noticia\/wp-json\/wp\/v2\/posts\/197121","targetHints":{"allow":["GET"]}}],"collection":[{"href":"https:\/\/migracao.redenoticia.com.br\/noticia\/wp-json\/wp\/v2\/posts"}],"about":[{"href":"https:\/\/migracao.redenoticia.com.br\/noticia\/wp-json\/wp\/v2\/types\/post"}],"author":[{"embeddable":true,"href":"https:\/\/migracao.redenoticia.com.br\/noticia\/wp-json\/wp\/v2\/users\/4"}],"replies":[{"embeddable":true,"href":"https:\/\/migracao.redenoticia.com.br\/noticia\/wp-json\/wp\/v2\/comments?post=197121"}],"version-history":[{"count":0,"href":"https:\/\/migracao.redenoticia.com.br\/noticia\/wp-json\/wp\/v2\/posts\/197121\/revisions"}],"wp:featuredmedia":[{"embeddable":true,"href":"https:\/\/migracao.redenoticia.com.br\/noticia\/wp-json\/wp\/v2\/media\/195131"}],"wp:attachment":[{"href":"https:\/\/migracao.redenoticia.com.br\/noticia\/wp-json\/wp\/v2\/media?parent=197121"}],"wp:term":[{"taxonomy":"category","embeddable":true,"href":"https:\/\/migracao.redenoticia.com.br\/noticia\/wp-json\/wp\/v2\/categories?post=197121"},{"taxonomy":"post_tag","embeddable":true,"href":"https:\/\/migracao.redenoticia.com.br\/noticia\/wp-json\/wp\/v2\/tags?post=197121"}],"curies":[{"name":"wp","href":"https:\/\/api.w.org\/{rel}","templated":true}]}}