{"id":197152,"date":"2020-08-22T14:57:57","date_gmt":"2020-08-22T17:57:57","guid":{"rendered":"https:\/\/www.redenoticia.com.br\/noticia\/?p=197152"},"modified":"2020-08-22T15:06:55","modified_gmt":"2020-08-22T18:06:55","slug":"resumo-novela-fina-estampa-24-08-quinze-salva-teodora-do-ataque-de-ferdinand","status":"publish","type":"post","link":"https:\/\/migracao.redenoticia.com.br\/noticia\/2020\/resumo-novela-fina-estampa-24-08-quinze-salva-teodora-do-ataque-de-ferdinand\/197152","title":{"rendered":"Resumo novela \u201cFina Estampa\u201d 24\/08: Quinz\u00e9 salva Teodora do ataque de Ferdinand"},"content":{"rendered":"<p> <img loading=\"lazy\" decoding=\"async\" class=\"aligncenter size-full wp-image-190230\" src=\"https:\/\/migracao.redenoticia.com.br\/noticia\/imagens\/fina-estampa.jpg\" alt=\"\" width=\"800\" height=\"792\" srcset=\"https:\/\/migracao.redenoticia.com.br\/noticia\/imagens\/fina-estampa.jpg 800w, https:\/\/migracao.redenoticia.com.br\/noticia\/imagens\/fina-estampa-189x187.jpg 189w, https:\/\/migracao.redenoticia.com.br\/noticia\/imagens\/fina-estampa-303x300.jpg 303w, https:\/\/migracao.redenoticia.com.br\/noticia\/imagens\/fina-estampa-768x760.jpg 768w, https:\/\/migracao.redenoticia.com.br\/noticia\/imagens\/fina-estampa-150x150.jpg 150w, https:\/\/migracao.redenoticia.com.br\/noticia\/imagens\/fina-estampa-141x140.jpg 141w, https:\/\/migracao.redenoticia.com.br\/noticia\/imagens\/fina-estampa-86x85.jpg 86w, https:\/\/migracao.redenoticia.com.br\/noticia\/imagens\/fina-estampa-696x689.jpg 696w\" sizes=\"auto, (max-width: 800px) 100vw, 800px\" \/><\/p>\n<p><em><strong>Resumo novela \u201cFina Estampa\u201d 23\/08<\/strong><\/em>: no cap\u00edtulo 133(*) da novela, segunda-feira, 24 de agosto, M\u00e1rcia conta para Esther que Guaracy esteve na Fio Carioca e ela tenta falar com ele, sem sucesso. Griselda afirma a Teodora que ela \u00e9 uma boa pessoa. Pereirinha n\u00e3o acredita no amor que Enzo diz sentir por Danielle. Pedro Jorge se preocupa com o futuro de sua tia. Marilda avisa a Griselda sobre o plano de Tereza Cristina para atrapalhar o casamento de Am\u00e1lia.<\/p>\n<p>Patr\u00edcia se surpreende com o car\u00e1ter duvidoso de Alexandre e Antenor tem uma ideia para desmascar\u00e1-lo. Vilma avisa a Daniel que o v\u00eddeo de Solange j\u00e1 est\u00e1 na internet. Griselda aconselha Quinz\u00e9 a conversar com Teodora. Baltazar desmaia e \u00e9 hospitalizado depois de ver o v\u00eddeo de Solange. Quinz\u00e9 salva Teodora do ataque de Ferdinand. Guaracy e Esther conversam.<\/p>\n<p>(*) edi\u00e7\u00e3o das novelas da Globo, \u201cFina Estampa\u201d, sujeito a altera\u00e7\u00e3o de data e conte\u00fado.<\/p>\n<p>Sinopse \u201cFina Estampa\u201d: A vi\u00fava Griselda, conhecida como Pereir\u00e3o, trabalha como faz-tudo para sustentar seus tr\u00eas filhos. J\u00e1 Tereza Cristina \u00e9 uma socialite que acredita ter a vida perfeita. Seus destinos se cruzam por acaso e tudo muda quando Griselda ganha 30 milh\u00f5es. <\/p>\n","protected":false},"excerpt":{"rendered":"<p>Resumo novela \u201cFina Estampa\u201d 23\/08: no cap\u00edtulo 133(*) da novela, segunda-feira, 24 de agosto, M\u00e1rcia conta para Esther que Guaracy esteve na Fio Carioca e ela tenta falar com ele, sem sucesso. Griselda afirma a Teodora que ela \u00e9 uma boa pessoa. Pereirinha n\u00e3o acredita no amor que Enzo diz sentir por Danielle. Pedro Jorge [&hellip;]<\/p>\n","protected":false},"author":2,"featured_media":195132,"comment_status":"closed","ping_status":"closed","sticky":false,"template":"","format":"standard","meta":{"tdm_status":"","tdm_grid_status":"","footnotes":""},"categories":[555,379,375,2025,343],"tags":[441],"class_list":{"0":"post-197152","1":"post","2":"type-post","3":"status-publish","4":"format-standard","5":"has-post-thumbnail","7":"category-fina-estampa","8":"category-novelas","9":"category-rede-globo","10":"category-resumo","11":"category-televisao","12":"tag-resumo-do-dia"},"_links":{"self":[{"href":"https:\/\/migracao.redenoticia.com.br\/noticia\/wp-json\/wp\/v2\/posts\/197152","targetHints":{"allow":["GET"]}}],"collection":[{"href":"https:\/\/migracao.redenoticia.com.br\/noticia\/wp-json\/wp\/v2\/posts"}],"about":[{"href":"https:\/\/migracao.redenoticia.com.br\/noticia\/wp-json\/wp\/v2\/types\/post"}],"author":[{"embeddable":true,"href":"https:\/\/migracao.redenoticia.com.br\/noticia\/wp-json\/wp\/v2\/users\/2"}],"replies":[{"embeddable":true,"href":"https:\/\/migracao.redenoticia.com.br\/noticia\/wp-json\/wp\/v2\/comments?post=197152"}],"version-history":[{"count":0,"href":"https:\/\/migracao.redenoticia.com.br\/noticia\/wp-json\/wp\/v2\/posts\/197152\/revisions"}],"wp:featuredmedia":[{"embeddable":true,"href":"https:\/\/migracao.redenoticia.com.br\/noticia\/wp-json\/wp\/v2\/media\/195132"}],"wp:attachment":[{"href":"https:\/\/migracao.redenoticia.com.br\/noticia\/wp-json\/wp\/v2\/media?parent=197152"}],"wp:term":[{"taxonomy":"category","embeddable":true,"href":"https:\/\/migracao.redenoticia.com.br\/noticia\/wp-json\/wp\/v2\/categories?post=197152"},{"taxonomy":"post_tag","embeddable":true,"href":"https:\/\/migracao.redenoticia.com.br\/noticia\/wp-json\/wp\/v2\/tags?post=197152"}],"curies":[{"name":"wp","href":"https:\/\/api.w.org\/{rel}","templated":true}]}}