{"id":197156,"date":"2020-08-22T14:48:11","date_gmt":"2020-08-22T17:48:11","guid":{"rendered":"https:\/\/www.redenoticia.com.br\/noticia\/?p=197156"},"modified":"2020-08-22T15:06:42","modified_gmt":"2020-08-22T18:06:42","slug":"resumo-novela-eta-mundo-bom-24-08-ernesto-ameaca-araujo","status":"publish","type":"post","link":"https:\/\/migracao.redenoticia.com.br\/noticia\/2020\/resumo-novela-eta-mundo-bom-24-08-ernesto-ameaca-araujo\/197156","title":{"rendered":"Resumo novela \u201cEta Mundo Bom\u201d 24\/08: Ernesto amea\u00e7a Ara\u00fajo"},"content":{"rendered":"<p> <img loading=\"lazy\" decoding=\"async\" class=\"aligncenter size-full wp-image-192794\" src=\"https:\/\/migracao.redenoticia.com.br\/noticia\/imagens\/eta-mundo-bom-fazenda.jpg\" alt=\"\" width=\"502\" height=\"460\" srcset=\"https:\/\/migracao.redenoticia.com.br\/noticia\/imagens\/eta-mundo-bom-fazenda.jpg 502w, https:\/\/migracao.redenoticia.com.br\/noticia\/imagens\/eta-mundo-bom-fazenda-204x187.jpg 204w, https:\/\/migracao.redenoticia.com.br\/noticia\/imagens\/eta-mundo-bom-fazenda-327x300.jpg 327w, https:\/\/migracao.redenoticia.com.br\/noticia\/imagens\/eta-mundo-bom-fazenda-153x140.jpg 153w, https:\/\/migracao.redenoticia.com.br\/noticia\/imagens\/eta-mundo-bom-fazenda-93x85.jpg 93w\" sizes=\"auto, (max-width: 502px) 100vw, 502px\" \/><\/p>\n<p><strong><em>Resumo novela \u201cEta Mundo Bom\u201d 24\/08<\/em><\/strong>: no cap\u00edtulo 086(*) da novela, segunda-feira, 24 de agosto, a fam\u00edlia de Cunegundes se desespera quando Pandolfo constata que n\u00e3o h\u00e1 petr\u00f3leo em suas terras. Pancr\u00e1cio usa seus disfarces para descobrir o plano de Ernesto e Sandra contra Anast\u00e1cia. Braz convence Ilde a compartilhar com ele uma conta em seu banco. Ernesto e Cara de C\u00e3o armam contra Haroldo, e Pirulito os observa. In\u00e1cio afirma a Cunegundes e Quinzinho que colocar\u00e1 a fazenda a leil\u00e3o. Sandra chantageia Haroldo e promete livr\u00e1-lo de suas d\u00edvidas caso o psiquiatra ateste a insanidade mental de Anast\u00e1cia.<\/p>\n<p>Ara\u00fajo enfrenta Ernesto e Sandra, mas se desespera quando o bandido amea\u00e7a machucar Cl\u00e1udio. Cam\u00e9lia avisa a Gerusa que o vestido de seu casamento j\u00e1 est\u00e1 pronto. Z\u00e9 dos Porcos afirma que n\u00e3o trabalhar\u00e1 mais para a fam\u00edlia de Cunegundes. Cunegundes pede que Mafalda conven\u00e7a Z\u00e9 dos Porcos a retomar seus afazeres na fazenda. Gerusa desmaia nos bra\u00e7os de Cam\u00e9lia. Ara\u00fajo anuncia a Anast\u00e1cia que ir\u00e1 depor contra ela.<\/p>\n<p>(*) edi\u00e7\u00e3o das novelas da Globo, \u201cEta Mundo Bom\u201d, sujeito a altera\u00e7\u00e3o de data e conte\u00fado.<\/p>\n<p>&#8220;Eta Mundo Bom&#8221; \u00e9 ambientada em 1948. A trama conta a hist\u00f3ria de Candinho (S\u00e9rgio Guiz\u00e9), que foi separado da m\u00e3e logo ap\u00f3s seu nascimento e foi acolhido pelo casal Cunegundes (Elizabeth Savalla) e Quinzinho (Ary Fontoura), donos da decadente fazenda Dom Pedro II, perto da cidade fict\u00edcia de Piracema, por volta dos anos 20.<\/p>\n","protected":false},"excerpt":{"rendered":"<p>Resumo novela \u201cEta Mundo Bom\u201d 24\/08: no cap\u00edtulo 086(*) da novela, segunda-feira, 24 de agosto, a fam\u00edlia de Cunegundes se desespera quando Pandolfo constata que n\u00e3o h\u00e1 petr\u00f3leo em suas terras. Pancr\u00e1cio usa seus disfarces para descobrir o plano de Ernesto e Sandra contra Anast\u00e1cia. Braz convence Ilde a compartilhar com ele uma conta em [&hellip;]<\/p>\n","protected":false},"author":2,"featured_media":195144,"comment_status":"closed","ping_status":"closed","sticky":false,"template":"","format":"standard","meta":{"tdm_status":"","tdm_grid_status":"","footnotes":""},"categories":[558,379,375,2025,343],"tags":[441],"class_list":{"0":"post-197156","1":"post","2":"type-post","3":"status-publish","4":"format-standard","5":"has-post-thumbnail","7":"category-eta-mundo-bom","8":"category-novelas","9":"category-rede-globo","10":"category-resumo","11":"category-televisao","12":"tag-resumo-do-dia"},"_links":{"self":[{"href":"https:\/\/migracao.redenoticia.com.br\/noticia\/wp-json\/wp\/v2\/posts\/197156","targetHints":{"allow":["GET"]}}],"collection":[{"href":"https:\/\/migracao.redenoticia.com.br\/noticia\/wp-json\/wp\/v2\/posts"}],"about":[{"href":"https:\/\/migracao.redenoticia.com.br\/noticia\/wp-json\/wp\/v2\/types\/post"}],"author":[{"embeddable":true,"href":"https:\/\/migracao.redenoticia.com.br\/noticia\/wp-json\/wp\/v2\/users\/2"}],"replies":[{"embeddable":true,"href":"https:\/\/migracao.redenoticia.com.br\/noticia\/wp-json\/wp\/v2\/comments?post=197156"}],"version-history":[{"count":0,"href":"https:\/\/migracao.redenoticia.com.br\/noticia\/wp-json\/wp\/v2\/posts\/197156\/revisions"}],"wp:featuredmedia":[{"embeddable":true,"href":"https:\/\/migracao.redenoticia.com.br\/noticia\/wp-json\/wp\/v2\/media\/195144"}],"wp:attachment":[{"href":"https:\/\/migracao.redenoticia.com.br\/noticia\/wp-json\/wp\/v2\/media?parent=197156"}],"wp:term":[{"taxonomy":"category","embeddable":true,"href":"https:\/\/migracao.redenoticia.com.br\/noticia\/wp-json\/wp\/v2\/categories?post=197156"},{"taxonomy":"post_tag","embeddable":true,"href":"https:\/\/migracao.redenoticia.com.br\/noticia\/wp-json\/wp\/v2\/tags?post=197156"}],"curies":[{"name":"wp","href":"https:\/\/api.w.org\/{rel}","templated":true}]}}