{"id":197204,"date":"2020-08-24T21:26:27","date_gmt":"2020-08-25T00:26:27","guid":{"rendered":"https:\/\/www.redenoticia.com.br\/noticia\/?p=197204"},"modified":"2020-08-24T21:26:27","modified_gmt":"2020-08-25T00:26:27","slug":"resumo-novela-fina-estampa-25-08-esther-se-entristece-com-guaracy","status":"publish","type":"post","link":"https:\/\/migracao.redenoticia.com.br\/noticia\/2020\/resumo-novela-fina-estampa-25-08-esther-se-entristece-com-guaracy\/197204","title":{"rendered":"Resumo novela \u201cFina Estampa\u201d 25\/08: Esther se entristece com Guaracy"},"content":{"rendered":"<p> <img loading=\"lazy\" decoding=\"async\" class=\"aligncenter size-full wp-image-190230\" src=\"https:\/\/migracao.redenoticia.com.br\/noticia\/imagens\/fina-estampa.jpg\" alt=\"\" width=\"800\" height=\"792\" srcset=\"https:\/\/migracao.redenoticia.com.br\/noticia\/imagens\/fina-estampa.jpg 800w, https:\/\/migracao.redenoticia.com.br\/noticia\/imagens\/fina-estampa-189x187.jpg 189w, https:\/\/migracao.redenoticia.com.br\/noticia\/imagens\/fina-estampa-303x300.jpg 303w, https:\/\/migracao.redenoticia.com.br\/noticia\/imagens\/fina-estampa-768x760.jpg 768w, https:\/\/migracao.redenoticia.com.br\/noticia\/imagens\/fina-estampa-150x150.jpg 150w, https:\/\/migracao.redenoticia.com.br\/noticia\/imagens\/fina-estampa-141x140.jpg 141w, https:\/\/migracao.redenoticia.com.br\/noticia\/imagens\/fina-estampa-86x85.jpg 86w, https:\/\/migracao.redenoticia.com.br\/noticia\/imagens\/fina-estampa-696x689.jpg 696w\" sizes=\"auto, (max-width: 800px) 100vw, 800px\" \/><\/p>\n<p><em><strong>Resumo novela \u201cFina Estampa\u201d 25\/08<\/strong><\/em>: no cap\u00edtulo 134(*) da novela, ter\u00e7a-feira, 25 de agosto, Cr\u00f4 explica a Celeste o que aconteceu com Baltazar. Esther questiona Paulo sobre a rela\u00e7\u00e3o dos dois. Quinz\u00e9 pergunta se Teodora ainda o ama. Daniel fica animado com a repercuss\u00e3o do v\u00eddeo de Solange. Zambeze destrata \u00c1lvaro. Tereza Cristina leva Pereirinha para jantar no Brasileir\u00edssimo. Cr\u00f4 chama Griselda para resolver o problema da falta de energia na mans\u00e3o de Tereza Cristina.<\/p>\n<p>O delegado Paredes afirma a Joana que conseguir\u00e1 derrubar o \u00e1libi de Tereza Cristina. Ren\u00e9 exagera na pimenta ao temperar o prato de Tereza Cristina. Paulo pensa na ex-mulher. Esther se entristece com Guaracy. Celina cobra uma atitude de Beatriz. Wallace leva Dagmar para casa. Daniel e Solange t\u00eam sua primeira noite de amor. Guaracy procura Griselda.<\/p>\n<p>(*) edi\u00e7\u00e3o das novelas da Globo, \u201cFina Estampa\u201d, sujeito a altera\u00e7\u00e3o de data e conte\u00fado.<\/p>\n<p>Sinopse \u201cFina Estampa\u201d: A vi\u00fava Griselda, conhecida como Pereir\u00e3o, trabalha como faz-tudo para sustentar seus tr\u00eas filhos. J\u00e1 Tereza Cristina \u00e9 uma socialite que acredita ter a vida perfeita. Seus destinos se cruzam por acaso e tudo muda quando Griselda ganha 30 milh\u00f5es. <\/p>\n","protected":false},"excerpt":{"rendered":"<p>Resumo novela \u201cFina Estampa\u201d 25\/08: no cap\u00edtulo 134(*) da novela, ter\u00e7a-feira, 25 de agosto, Cr\u00f4 explica a Celeste o que aconteceu com Baltazar. Esther questiona Paulo sobre a rela\u00e7\u00e3o dos dois. Quinz\u00e9 pergunta se Teodora ainda o ama. Daniel fica animado com a repercuss\u00e3o do v\u00eddeo de Solange. Zambeze destrata \u00c1lvaro. Tereza Cristina leva Pereirinha [&hellip;]<\/p>\n","protected":false},"author":2,"featured_media":195132,"comment_status":"closed","ping_status":"closed","sticky":false,"template":"","format":"standard","meta":{"tdm_status":"","tdm_grid_status":"","footnotes":""},"categories":[555,379,375,2025,343],"tags":[441],"class_list":{"0":"post-197204","1":"post","2":"type-post","3":"status-publish","4":"format-standard","5":"has-post-thumbnail","7":"category-fina-estampa","8":"category-novelas","9":"category-rede-globo","10":"category-resumo","11":"category-televisao","12":"tag-resumo-do-dia"},"_links":{"self":[{"href":"https:\/\/migracao.redenoticia.com.br\/noticia\/wp-json\/wp\/v2\/posts\/197204","targetHints":{"allow":["GET"]}}],"collection":[{"href":"https:\/\/migracao.redenoticia.com.br\/noticia\/wp-json\/wp\/v2\/posts"}],"about":[{"href":"https:\/\/migracao.redenoticia.com.br\/noticia\/wp-json\/wp\/v2\/types\/post"}],"author":[{"embeddable":true,"href":"https:\/\/migracao.redenoticia.com.br\/noticia\/wp-json\/wp\/v2\/users\/2"}],"replies":[{"embeddable":true,"href":"https:\/\/migracao.redenoticia.com.br\/noticia\/wp-json\/wp\/v2\/comments?post=197204"}],"version-history":[{"count":0,"href":"https:\/\/migracao.redenoticia.com.br\/noticia\/wp-json\/wp\/v2\/posts\/197204\/revisions"}],"wp:featuredmedia":[{"embeddable":true,"href":"https:\/\/migracao.redenoticia.com.br\/noticia\/wp-json\/wp\/v2\/media\/195132"}],"wp:attachment":[{"href":"https:\/\/migracao.redenoticia.com.br\/noticia\/wp-json\/wp\/v2\/media?parent=197204"}],"wp:term":[{"taxonomy":"category","embeddable":true,"href":"https:\/\/migracao.redenoticia.com.br\/noticia\/wp-json\/wp\/v2\/categories?post=197204"},{"taxonomy":"post_tag","embeddable":true,"href":"https:\/\/migracao.redenoticia.com.br\/noticia\/wp-json\/wp\/v2\/tags?post=197204"}],"curies":[{"name":"wp","href":"https:\/\/api.w.org\/{rel}","templated":true}]}}