{"id":197225,"date":"2020-08-24T21:20:30","date_gmt":"2020-08-25T00:20:30","guid":{"rendered":"https:\/\/www.redenoticia.com.br\/noticia\/?p=197225"},"modified":"2020-08-24T21:20:30","modified_gmt":"2020-08-25T00:20:30","slug":"resumo-eta-mundo-bom-25-08-chega-o-dia-do-julgamento-de-sandra-e-anastacia","status":"publish","type":"post","link":"https:\/\/migracao.redenoticia.com.br\/noticia\/2020\/resumo-eta-mundo-bom-25-08-chega-o-dia-do-julgamento-de-sandra-e-anastacia\/197225","title":{"rendered":"Resumo \u201cEta Mundo Bom\u201d 25\/08: Chega o dia do julgamento de Sandra e Anast\u00e1cia"},"content":{"rendered":"<p> <img loading=\"lazy\" decoding=\"async\" class=\"aligncenter size-full wp-image-192794\" src=\"https:\/\/migracao.redenoticia.com.br\/noticia\/imagens\/eta-mundo-bom-fazenda.jpg\" alt=\"\" width=\"502\" height=\"460\" srcset=\"https:\/\/migracao.redenoticia.com.br\/noticia\/imagens\/eta-mundo-bom-fazenda.jpg 502w, https:\/\/migracao.redenoticia.com.br\/noticia\/imagens\/eta-mundo-bom-fazenda-204x187.jpg 204w, https:\/\/migracao.redenoticia.com.br\/noticia\/imagens\/eta-mundo-bom-fazenda-327x300.jpg 327w, https:\/\/migracao.redenoticia.com.br\/noticia\/imagens\/eta-mundo-bom-fazenda-153x140.jpg 153w, https:\/\/migracao.redenoticia.com.br\/noticia\/imagens\/eta-mundo-bom-fazenda-93x85.jpg 93w\" sizes=\"auto, (max-width: 502px) 100vw, 502px\" \/><\/p>\n<p><strong><em>Resumo novela \u201cEta Mundo Bom\u201d 25\/08<\/em><\/strong>: no cap\u00edtulo 087(*) da novela, ter\u00e7a-feira, 25 de agosto, Anast\u00e1cia expulsa Ara\u00fajo de sua casa. Ara\u00fajo confessa a Olga que est\u00e1 sofrendo amea\u00e7as. Candinho promete proteger Anast\u00e1cia, que teme ser internada em um hosp\u00edcio. Lauro anuncia que o casamento de Gerusa e Os\u00f3rio precisar\u00e1 ser adiado, por conta da sa\u00fade dela. Dantas avisa a Anast\u00e1cia que seu julgamento j\u00e1 est\u00e1 marcado. Maria e Celso acreditam que Sandra possa vencer o processo. Cunegundes pensa em casar Filomena para saldar suas d\u00edvidas. Sandra procura Anast\u00e1cia.<\/p>\n<p>Candinho expulsa Sandra com a ajuda de Policarpo, e Ernesto cuida de sua comparsa. Romeu dan\u00e7a com Sarita, e Mafalda se incomoda. Leonardo gosta de conhecer Filomena, que se preocupa com a falta de not\u00edcias de Candinho. Candinho pensa em buscar Filomena e seu filho na fazenda. Severo e Diana se aproximam. Braz manipula Ilde. Cunegundes e sua fam\u00edlia tentam administrar a fazenda sem a ajuda de Z\u00e9 dos Porcos. Alice se recusa a ficar perto de Ara\u00fajo, e Cl\u00e1udio sofre. Maria visita Gerusa no hospital. Chega o dia do julgamento de Sandra e Anast\u00e1cia.<\/p>\n<p>(*) edi\u00e7\u00e3o das novelas da Globo, \u201cEta Mundo Bom\u201d, sujeito a altera\u00e7\u00e3o de data e conte\u00fado.<\/p>\n<p>&#8220;Eta Mundo Bom&#8221; \u00e9 ambientada em 1948. A trama conta a hist\u00f3ria de Candinho (S\u00e9rgio Guiz\u00e9), que foi separado da m\u00e3e logo ap\u00f3s seu nascimento e foi acolhido pelo casal Cunegundes (Elizabeth Savalla) e Quinzinho (Ary Fontoura), donos da decadente fazenda Dom Pedro II, perto da cidade fict\u00edcia de Piracema, por volta dos anos 20. <\/p>\n","protected":false},"excerpt":{"rendered":"<p>Resumo novela \u201cEta Mundo Bom\u201d 25\/08: no cap\u00edtulo 087(*) da novela, ter\u00e7a-feira, 25 de agosto, Anast\u00e1cia expulsa Ara\u00fajo de sua casa. Ara\u00fajo confessa a Olga que est\u00e1 sofrendo amea\u00e7as. Candinho promete proteger Anast\u00e1cia, que teme ser internada em um hosp\u00edcio. Lauro anuncia que o casamento de Gerusa e Os\u00f3rio precisar\u00e1 ser adiado, por conta da [&hellip;]<\/p>\n","protected":false},"author":2,"featured_media":195144,"comment_status":"closed","ping_status":"closed","sticky":false,"template":"","format":"standard","meta":{"tdm_status":"","tdm_grid_status":"","footnotes":""},"categories":[558,379,375,2025,343],"tags":[441],"class_list":{"0":"post-197225","1":"post","2":"type-post","3":"status-publish","4":"format-standard","5":"has-post-thumbnail","7":"category-eta-mundo-bom","8":"category-novelas","9":"category-rede-globo","10":"category-resumo","11":"category-televisao","12":"tag-resumo-do-dia"},"_links":{"self":[{"href":"https:\/\/migracao.redenoticia.com.br\/noticia\/wp-json\/wp\/v2\/posts\/197225","targetHints":{"allow":["GET"]}}],"collection":[{"href":"https:\/\/migracao.redenoticia.com.br\/noticia\/wp-json\/wp\/v2\/posts"}],"about":[{"href":"https:\/\/migracao.redenoticia.com.br\/noticia\/wp-json\/wp\/v2\/types\/post"}],"author":[{"embeddable":true,"href":"https:\/\/migracao.redenoticia.com.br\/noticia\/wp-json\/wp\/v2\/users\/2"}],"replies":[{"embeddable":true,"href":"https:\/\/migracao.redenoticia.com.br\/noticia\/wp-json\/wp\/v2\/comments?post=197225"}],"version-history":[{"count":0,"href":"https:\/\/migracao.redenoticia.com.br\/noticia\/wp-json\/wp\/v2\/posts\/197225\/revisions"}],"wp:featuredmedia":[{"embeddable":true,"href":"https:\/\/migracao.redenoticia.com.br\/noticia\/wp-json\/wp\/v2\/media\/195144"}],"wp:attachment":[{"href":"https:\/\/migracao.redenoticia.com.br\/noticia\/wp-json\/wp\/v2\/media?parent=197225"}],"wp:term":[{"taxonomy":"category","embeddable":true,"href":"https:\/\/migracao.redenoticia.com.br\/noticia\/wp-json\/wp\/v2\/categories?post=197225"},{"taxonomy":"post_tag","embeddable":true,"href":"https:\/\/migracao.redenoticia.com.br\/noticia\/wp-json\/wp\/v2\/tags?post=197225"}],"curies":[{"name":"wp","href":"https:\/\/api.w.org\/{rel}","templated":true}]}}