{"id":197264,"date":"2020-08-25T12:49:02","date_gmt":"2020-08-25T15:49:02","guid":{"rendered":"https:\/\/www.redenoticia.com.br\/noticia\/?p=197264"},"modified":"2020-08-25T12:49:02","modified_gmt":"2020-08-25T15:49:02","slug":"resumo-novela-fina-estampa-26-08-griselda-e-guaracy-ficam-juntos","status":"publish","type":"post","link":"https:\/\/migracao.redenoticia.com.br\/noticia\/2020\/resumo-novela-fina-estampa-26-08-griselda-e-guaracy-ficam-juntos\/197264","title":{"rendered":"Resumo novela \u201cFina Estampa\u201d 26\/08: Griselda e Guaracy ficam juntos"},"content":{"rendered":"<p><img loading=\"lazy\" decoding=\"async\" class=\"aligncenter size-full wp-image-190230\" src=\"https:\/\/migracao.redenoticia.com.br\/noticia\/imagens\/fina-estampa.jpg\" alt=\"\" width=\"800\" height=\"792\" srcset=\"https:\/\/migracao.redenoticia.com.br\/noticia\/imagens\/fina-estampa.jpg 800w, https:\/\/migracao.redenoticia.com.br\/noticia\/imagens\/fina-estampa-189x187.jpg 189w, https:\/\/migracao.redenoticia.com.br\/noticia\/imagens\/fina-estampa-303x300.jpg 303w, https:\/\/migracao.redenoticia.com.br\/noticia\/imagens\/fina-estampa-768x760.jpg 768w, https:\/\/migracao.redenoticia.com.br\/noticia\/imagens\/fina-estampa-150x150.jpg 150w, https:\/\/migracao.redenoticia.com.br\/noticia\/imagens\/fina-estampa-141x140.jpg 141w, https:\/\/migracao.redenoticia.com.br\/noticia\/imagens\/fina-estampa-86x85.jpg 86w, https:\/\/migracao.redenoticia.com.br\/noticia\/imagens\/fina-estampa-696x689.jpg 696w\" sizes=\"auto, (max-width: 800px) 100vw, 800px\" \/><\/p>\n<p><em><strong>Resumo novela \u201cFina Estampa\u201d 26\/08<\/strong><\/em>: no cap\u00edtulo 135(*) da novela, quarta-feira, 26 de agosto, Tereza Cristina diz a Pereirinha que guarda dinheiro em casa para o caso de precisar fugir. Louzada fala para o delegado Paredes que possui as grava\u00e7\u00f5es do dia em que Marcela morreu. Ferdinand pensa em como provar os crimes de Tereza Cristina. Quinz\u00e9 flagra Griselda e Guaracy se beijando. Pedro Jorge defende Danielle e diz que odeia a av\u00f3. Paulo lembra de quando cuidou de Victoria. Ao acordar, Pereirinha vai at\u00e9 o cofre de Tereza Cristina.<\/p>\n<p>Griselda e Guaracy fazem amor. Celeste descobre que Solange n\u00e3o dormiu em casa e avisa Baltazar. Cr\u00f4 tenta tranquilizar Baltazar. Daniel pede Solange em casamento. \u00cdris conversa com Joana. Guaracy salva Beatriz de ser atacada por pessoas na rua. Danielle recebe uma intima\u00e7\u00e3o para apresentar sua defesa no Conselho Regional de Medicina. Teodora passal mal ao acordar. Quinz\u00e9 descobre o segredo de Fabr\u00edcia. Guaracy procura Esther. Baltazar permite que Solange se case com Daniel.<\/p>\n<p>(*) edi\u00e7\u00e3o das novelas da Globo, \u201cFina Estampa\u201d, sujeito a altera\u00e7\u00e3o de data e conte\u00fado.<\/p>\n<p>Sinopse \u201cFina Estampa\u201d: A vi\u00fava Griselda, conhecida como Pereir\u00e3o, trabalha como faz-tudo para sustentar seus tr\u00eas filhos. J\u00e1 Tereza Cristina \u00e9 uma socialite que acredita ter a vida perfeita. Seus destinos se cruzam por acaso e tudo muda quando Griselda ganha 30 milh\u00f5es.<\/p>\n","protected":false},"excerpt":{"rendered":"<p>Resumo novela \u201cFina Estampa\u201d 26\/08: no cap\u00edtulo 135(*) da novela, quarta-feira, 26 de agosto, Tereza Cristina diz a Pereirinha que guarda dinheiro em casa para o caso de precisar fugir. Louzada fala para o delegado Paredes que possui as grava\u00e7\u00f5es do dia em que Marcela morreu. Ferdinand pensa em como provar os crimes de Tereza [&hellip;]<\/p>\n","protected":false},"author":4,"featured_media":190232,"comment_status":"closed","ping_status":"closed","sticky":false,"template":"","format":"standard","meta":{"tdm_status":"","tdm_grid_status":"","footnotes":""},"categories":[555,379,375,2025,343],"tags":[441],"class_list":{"0":"post-197264","1":"post","2":"type-post","3":"status-publish","4":"format-standard","5":"has-post-thumbnail","7":"category-fina-estampa","8":"category-novelas","9":"category-rede-globo","10":"category-resumo","11":"category-televisao","12":"tag-resumo-do-dia"},"_links":{"self":[{"href":"https:\/\/migracao.redenoticia.com.br\/noticia\/wp-json\/wp\/v2\/posts\/197264","targetHints":{"allow":["GET"]}}],"collection":[{"href":"https:\/\/migracao.redenoticia.com.br\/noticia\/wp-json\/wp\/v2\/posts"}],"about":[{"href":"https:\/\/migracao.redenoticia.com.br\/noticia\/wp-json\/wp\/v2\/types\/post"}],"author":[{"embeddable":true,"href":"https:\/\/migracao.redenoticia.com.br\/noticia\/wp-json\/wp\/v2\/users\/4"}],"replies":[{"embeddable":true,"href":"https:\/\/migracao.redenoticia.com.br\/noticia\/wp-json\/wp\/v2\/comments?post=197264"}],"version-history":[{"count":0,"href":"https:\/\/migracao.redenoticia.com.br\/noticia\/wp-json\/wp\/v2\/posts\/197264\/revisions"}],"wp:featuredmedia":[{"embeddable":true,"href":"https:\/\/migracao.redenoticia.com.br\/noticia\/wp-json\/wp\/v2\/media\/190232"}],"wp:attachment":[{"href":"https:\/\/migracao.redenoticia.com.br\/noticia\/wp-json\/wp\/v2\/media?parent=197264"}],"wp:term":[{"taxonomy":"category","embeddable":true,"href":"https:\/\/migracao.redenoticia.com.br\/noticia\/wp-json\/wp\/v2\/categories?post=197264"},{"taxonomy":"post_tag","embeddable":true,"href":"https:\/\/migracao.redenoticia.com.br\/noticia\/wp-json\/wp\/v2\/tags?post=197264"}],"curies":[{"name":"wp","href":"https:\/\/api.w.org\/{rel}","templated":true}]}}