{"id":197288,"date":"2020-08-26T11:33:58","date_gmt":"2020-08-26T14:33:58","guid":{"rendered":"https:\/\/www.redenoticia.com.br\/noticia\/?p=197288"},"modified":"2020-08-26T11:33:58","modified_gmt":"2020-08-26T14:33:58","slug":"resumo-novela-quando-me-apaixono-27-08-carlos-descobre-que-jeronimo-vai-morar-na-fazenda-com-renata","status":"publish","type":"post","link":"https:\/\/migracao.redenoticia.com.br\/noticia\/2020\/resumo-novela-quando-me-apaixono-27-08-carlos-descobre-que-jeronimo-vai-morar-na-fazenda-com-renata\/197288","title":{"rendered":"Resumo novela \u201cQuando me Apaixono \u201d 27\/08: Carlos descobre que Jer\u00f4nimo vai morar na fazenda com Renata"},"content":{"rendered":"<p><em><strong><img loading=\"lazy\" decoding=\"async\" class=\"aligncenter size-full wp-image-195148\" src=\"https:\/\/migracao.redenoticia.com.br\/noticia\/imagens\/Resumo-Quando-me-Apaixono-capitulos-novela-sbt.jpg\" alt=\"\" width=\"1280\" height=\"720\" srcset=\"https:\/\/migracao.redenoticia.com.br\/noticia\/imagens\/Resumo-Quando-me-Apaixono-capitulos-novela-sbt.jpg 1280w, https:\/\/migracao.redenoticia.com.br\/noticia\/imagens\/Resumo-Quando-me-Apaixono-capitulos-novela-sbt-250x140.jpg 250w, https:\/\/migracao.redenoticia.com.br\/noticia\/imagens\/Resumo-Quando-me-Apaixono-capitulos-novela-sbt-400x225.jpg 400w, https:\/\/migracao.redenoticia.com.br\/noticia\/imagens\/Resumo-Quando-me-Apaixono-capitulos-novela-sbt-768x432.jpg 768w, https:\/\/migracao.redenoticia.com.br\/noticia\/imagens\/Resumo-Quando-me-Apaixono-capitulos-novela-sbt-150x85.jpg 150w, https:\/\/migracao.redenoticia.com.br\/noticia\/imagens\/Resumo-Quando-me-Apaixono-capitulos-novela-sbt-696x392.jpg 696w, https:\/\/migracao.redenoticia.com.br\/noticia\/imagens\/Resumo-Quando-me-Apaixono-capitulos-novela-sbt-1068x601.jpg 1068w\" sizes=\"auto, (max-width: 1280px) 100vw, 1280px\" \/><\/p>\n<p>Resumo novela \u201cQuando me Apaixono \u201d 27\/08<\/strong><\/em>: no cap\u00edtulo 029(*) da novela, quinta-feira, 27 de agosto, Josefina decide tirar o p\u00f3 das fotos de Renata ainda pequena para come\u00e7ar a mand\u00e1-las para Regina, para que ela a desestabilize e a tire de Gon\u00e7alo. Carlos recebe um telefonema de Linares onde menciona que n\u00e3o vai mais vender a fazenda, pois pretende ir morar l\u00e1 com sua futura esposa.<\/p>\n<p>Josefina encontra Jer\u00f3nimo e mostra-lhe o seu inconformismo quanto ao seu compromisso com a filha, mas ele diz-lhe que o amor \u00e9 mais forte do que o que aconteceu com Rafael. Mat\u00edas procura Linares e pede que cuide bem de Renata, porque ela \u00e9 uma mulher excelente e n\u00e3o merece ser infeliz. Renata vai ver vestidos de noiva com Adriana e encontram Regina, que tamb\u00e9m est\u00e1 procurando seu vestido para casar com Antonio. Renata fica intrigada quando Regina comenta que gostaria muito que ela e Jer\u00f4nimo tivessem se perdoado.<\/p>\n<p>Augusto quer que \u00c1lvaro lhe venda parte de suas terras que fazem divisa com &#8220;A Bonita&#8221;. Augusto amea\u00e7a contar a Jer\u00f4nimo que \u00c1lvaro operou seu irm\u00e3o completamente b\u00eabado caso ele se negue a vender suas terras. O m\u00e9dico conta a Gon\u00e7alo que Josefina est\u00e1 com um tumor e que \u00e9 inoper\u00e1vel, por\u00e9m h\u00e1 um tratamento que Fina deve se submeter para se curar.<\/p>\n<p>(*) edi\u00e7\u00e3o das novelas do SBT, \u201cQuando me Apaixono \u201d, sujeito a altera\u00e7\u00e3o de data e conte\u00fado.<\/p>\n<p>Sinopse \u201cQuando me Apaixono\u201d: A hist\u00f3ria come\u00e7a com o nascimento de duas meninas, Regina e Roberta; ambas s\u00e3o filhas de Roberto Gamba (Sebasti\u00e1n Rulli), mas de m\u00e3es diferentes. Enquanto Regina \u00e9 filha de Regina Sober\u00f3n Gamba (Lidia \u00c1vila\/Julieta Rosen), a esposa leg\u00edtima de Roberto, Roberta \u00e9 filha de Josefina &#8220;Pepa&#8221; \u00c1lvarez Mart\u00ednez (Margarita Maga\u00f1a\/Roc\u00edo Banquells), a amante de Roberto.<\/p>\n<p>Quando Roberto diz a Pepa que n\u00e3o vai deixar sua esposa e sua filha Regina, aquela, cheia de raiva depois de causar a morte de Roberto, decide raptar a filha de Regina para se vingar dela e faz\u00ea-la sofrer. Pepa muda o nome de Regina para Renata e foge com as duas meninas, deixando Regina despeda\u00e7ada pela perda de sua filha.<\/p>\n","protected":false},"excerpt":{"rendered":"<p>Resumo novela \u201cQuando me Apaixono \u201d 27\/08: no cap\u00edtulo 029(*) da novela, quinta-feira, 27 de agosto, Josefina decide tirar o p\u00f3 das fotos de Renata ainda pequena para come\u00e7ar a mand\u00e1-las para Regina, para que ela a desestabilize e a tire de Gon\u00e7alo. Carlos recebe um telefonema de Linares onde menciona que n\u00e3o vai mais [&hellip;]<\/p>\n","protected":false},"author":4,"featured_media":195893,"comment_status":"closed","ping_status":"closed","sticky":false,"template":"","format":"standard","meta":{"tdm_status":"","tdm_grid_status":"","footnotes":""},"categories":[379,2028,2025,372,343],"tags":[441],"class_list":{"0":"post-197288","1":"post","2":"type-post","3":"status-publish","4":"format-standard","5":"has-post-thumbnail","7":"category-novelas","8":"category-quando-me-apaixono","9":"category-resumo","10":"category-sbt","11":"category-televisao","12":"tag-resumo-do-dia"},"_links":{"self":[{"href":"https:\/\/migracao.redenoticia.com.br\/noticia\/wp-json\/wp\/v2\/posts\/197288","targetHints":{"allow":["GET"]}}],"collection":[{"href":"https:\/\/migracao.redenoticia.com.br\/noticia\/wp-json\/wp\/v2\/posts"}],"about":[{"href":"https:\/\/migracao.redenoticia.com.br\/noticia\/wp-json\/wp\/v2\/types\/post"}],"author":[{"embeddable":true,"href":"https:\/\/migracao.redenoticia.com.br\/noticia\/wp-json\/wp\/v2\/users\/4"}],"replies":[{"embeddable":true,"href":"https:\/\/migracao.redenoticia.com.br\/noticia\/wp-json\/wp\/v2\/comments?post=197288"}],"version-history":[{"count":0,"href":"https:\/\/migracao.redenoticia.com.br\/noticia\/wp-json\/wp\/v2\/posts\/197288\/revisions"}],"wp:featuredmedia":[{"embeddable":true,"href":"https:\/\/migracao.redenoticia.com.br\/noticia\/wp-json\/wp\/v2\/media\/195893"}],"wp:attachment":[{"href":"https:\/\/migracao.redenoticia.com.br\/noticia\/wp-json\/wp\/v2\/media?parent=197288"}],"wp:term":[{"taxonomy":"category","embeddable":true,"href":"https:\/\/migracao.redenoticia.com.br\/noticia\/wp-json\/wp\/v2\/categories?post=197288"},{"taxonomy":"post_tag","embeddable":true,"href":"https:\/\/migracao.redenoticia.com.br\/noticia\/wp-json\/wp\/v2\/tags?post=197288"}],"curies":[{"name":"wp","href":"https:\/\/api.w.org\/{rel}","templated":true}]}}