{"id":197294,"date":"2020-08-26T11:37:11","date_gmt":"2020-08-26T14:37:11","guid":{"rendered":"https:\/\/www.redenoticia.com.br\/noticia\/?p=197294"},"modified":"2020-08-26T11:37:11","modified_gmt":"2020-08-26T14:37:11","slug":"resumo-novela-chiquititas-27-08-ana-e-tati-se-perdem-nas-ruas","status":"publish","type":"post","link":"https:\/\/migracao.redenoticia.com.br\/noticia\/2020\/resumo-novela-chiquititas-27-08-ana-e-tati-se-perdem-nas-ruas\/197294","title":{"rendered":"Resumo novela \u201cChiquititas\u201d 27\/08: Ana e Tati se perdem nas ruas"},"content":{"rendered":"<p><img loading=\"lazy\" decoding=\"async\" class=\"aligncenter size-full wp-image-148666\" src=\"https:\/\/migracao.redenoticia.com.br\/noticia\/imagens\/chiquititas-1.jpg\" alt=\"\" width=\"600\" height=\"450\" srcset=\"https:\/\/migracao.redenoticia.com.br\/noticia\/imagens\/chiquititas-1.jpg 600w, https:\/\/migracao.redenoticia.com.br\/noticia\/imagens\/chiquititas-1-250x187.jpg 250w, https:\/\/migracao.redenoticia.com.br\/noticia\/imagens\/chiquititas-1-400x300.jpg 400w, https:\/\/migracao.redenoticia.com.br\/noticia\/imagens\/chiquititas-1-150x113.jpg 150w, https:\/\/migracao.redenoticia.com.br\/noticia\/imagens\/chiquititas-1-265x198.jpg 265w\" sizes=\"auto, (max-width: 600px) 100vw, 600px\" \/><\/p>\n<p><strong><em>Resumo da novela \u201cChiquititas\u201d<\/em><\/strong> em 27\/08: no cap\u00edtulo 044(*) da novela, quinta-feira, 27 de agosto, Maria Cec\u00edlia diz para a m\u00e3e, Eduarda, que conversou bastante com Tom\u00e1s Ferraz (que na verdade trata-se de um plano dela e Tobias pra que Eduarda aceite o namoro deles) sobre as fam\u00edlias. Preocupada, Eduarda questiona se a filha contou que ela est\u00e1 falida. A supervisora tranquiliza a m\u00e3e, diz que contou que ela era modelo e que Tom\u00e1s Ferraz quer conhec\u00ea-la. Eduarda pede pra agendar um jantar pra esta mesma noite com o cantor portugu\u00eas. Ernestina avisa as Chiquititas que Carmen n\u00e3o poder\u00e1 ir ao orfanato. As crian\u00e7as comemoram, pois isso significa que a mascote Pipoca ficar\u00e1 mais um dia a salvo no local. No Caf\u00e9 Boutique, Tobias diz pra Clarita que ir\u00e1 jantar com Maria Cec\u00edlia pra enfim se apresentar como Tom\u00e1s Ferraz para Eduarda.<\/p>\n<p>Clarita discute com Beto, pois ele n\u00e3o mudou o status do FriendBook (rede social) dele para namorando, assim como ela fez. No orfanato, as pequeninas decidem ensinar Pipoca a urinar no jornal. Ernestina fica nervosa e diz que n\u00e3o vai limpar nenhuma sujeira feita pela cachorra. Para acalm\u00e1-la, as meninas convencem Ernestina a pegar a Pipoca no colo. A zeladora acaba se rendendo e mimando a cachorra. Carol explica pras meninas que provavelmente Carmen n\u00e3o aceitar\u00e1 a mascote no orfanato. Na mans\u00e3o dos Almeida Campos, Junior estranha a grave rea\u00e7\u00e3o al\u00e9rgica da tia, Carmen. A vil\u00e3 diz que \u00e9 alergia a animais e Junior acha estranho, pois eles n\u00e3o possuem nenhum mascote na resid\u00eancia. Beto encontra conhecidas no Caf\u00e9 Boutique e lhes cumprimenta. Clarita vai at\u00e9 o local totalmente enciumada.<\/p>\n<p>Let\u00edcia diz pra Clarita que ela j\u00e1 sabia que o rapaz era garoto problema. A gar\u00e7onete concorda, mas diz que achou que conseguiria mudar o namorado. Chico prepara uma surpresa pras todas as Chiquitias. Aproveitando que Carmen n\u00e3o foi ao local, o cozinheiro fez um imenso banquete no p\u00e1tio do orfanato. Clipe da m\u00fasica &#8220;Tudo Tudo&#8221;. Com m\u00e1scara cir\u00fargica no rosto, Carmen aparece de surpresa. A diretora repreende a bagun\u00e7a no p\u00e1tio da escola: &#8220;\u00c9 s\u00f3 eu faltar um dia que isso aqui vira uma pocilga. Ningu\u00e9m cumpre cronograma e um faz o que bem entende&#8221;. Carmen estranha que at\u00e9 Ernestina esteja no meio da bagun\u00e7a. A cachorra aparece e Carmen briga com todos e diz que quer o animal fora do orfanato. Ana e Tati percebem que a porta est\u00e1 aberta e saem pra tentar salvar a Pipoca. Os adultos saem para procurar na rua, mas n\u00e3o encontram as duas. Vivi chora de preocupa\u00e7\u00e3o com a irm\u00e3, Tati.<\/p>\n<p>As meninas saem com Chico e os meninos com a Carol pra mais uma busca nas ruas. Tati e Ana decidem ir at\u00e9 o Caf\u00e9 Boutique, mas n\u00e3o sabem o caminho e acabam pegando o primeiro \u00f4nibus que veem. Carol acaba visualizando as duas, mas n\u00e3o alcan\u00e7am ele a tempo. Todas as crian\u00e7as se juntam e de van decidem ir atr\u00e1s do \u00f4nibus. Tati e Ana j\u00e1 desceram do \u00f4nibus e est\u00e3o indignadas que ningu\u00e9m sabe dizer a elas onde est\u00e3o. Chico e Carol volta ao orfanato com os pequeninos. Junior tamb\u00e9m vai ao local dizer que j\u00e1 comunicou a pol\u00edcia. Carmen se preocupa com o que v\u00e3o dizer sobre a gest\u00e3o dela. Anoitece e Ana e Tati est\u00e3o com fome. As duas v\u00e3o at\u00e9 uma padaria, mas sem dinheiro n\u00e3o conseguem comprar p\u00e3o.<\/p>\n<p>(*) edi\u00e7\u00e3o das novelas do SBT, \u201cChiquititas\u201d, sujeito a altera\u00e7\u00e3o de data e conte\u00fado.<\/p>\n","protected":false},"excerpt":{"rendered":"<p>Resumo da novela \u201cChiquititas\u201d em 27\/08: no cap\u00edtulo 044(*) da novela, quinta-feira, 27 de agosto, Maria Cec\u00edlia diz para a m\u00e3e, Eduarda, que conversou bastante com Tom\u00e1s Ferraz (que na verdade trata-se de um plano dela e Tobias pra que Eduarda aceite o namoro deles) sobre as fam\u00edlias. Preocupada, Eduarda questiona se a filha contou [&hellip;]<\/p>\n","protected":false},"author":4,"featured_media":195894,"comment_status":"closed","ping_status":"closed","sticky":false,"template":"","format":"standard","meta":{"tdm_status":"","tdm_grid_status":"","footnotes":""},"categories":[409,379,2025,372,343],"tags":[441],"class_list":{"0":"post-197294","1":"post","2":"type-post","3":"status-publish","4":"format-standard","5":"has-post-thumbnail","7":"category-chiquititas","8":"category-novelas","9":"category-resumo","10":"category-sbt","11":"category-televisao","12":"tag-resumo-do-dia"},"_links":{"self":[{"href":"https:\/\/migracao.redenoticia.com.br\/noticia\/wp-json\/wp\/v2\/posts\/197294","targetHints":{"allow":["GET"]}}],"collection":[{"href":"https:\/\/migracao.redenoticia.com.br\/noticia\/wp-json\/wp\/v2\/posts"}],"about":[{"href":"https:\/\/migracao.redenoticia.com.br\/noticia\/wp-json\/wp\/v2\/types\/post"}],"author":[{"embeddable":true,"href":"https:\/\/migracao.redenoticia.com.br\/noticia\/wp-json\/wp\/v2\/users\/4"}],"replies":[{"embeddable":true,"href":"https:\/\/migracao.redenoticia.com.br\/noticia\/wp-json\/wp\/v2\/comments?post=197294"}],"version-history":[{"count":0,"href":"https:\/\/migracao.redenoticia.com.br\/noticia\/wp-json\/wp\/v2\/posts\/197294\/revisions"}],"wp:featuredmedia":[{"embeddable":true,"href":"https:\/\/migracao.redenoticia.com.br\/noticia\/wp-json\/wp\/v2\/media\/195894"}],"wp:attachment":[{"href":"https:\/\/migracao.redenoticia.com.br\/noticia\/wp-json\/wp\/v2\/media?parent=197294"}],"wp:term":[{"taxonomy":"category","embeddable":true,"href":"https:\/\/migracao.redenoticia.com.br\/noticia\/wp-json\/wp\/v2\/categories?post=197294"},{"taxonomy":"post_tag","embeddable":true,"href":"https:\/\/migracao.redenoticia.com.br\/noticia\/wp-json\/wp\/v2\/tags?post=197294"}],"curies":[{"name":"wp","href":"https:\/\/api.w.org\/{rel}","templated":true}]}}