{"id":197300,"date":"2020-08-26T11:46:02","date_gmt":"2020-08-26T14:46:02","guid":{"rendered":"https:\/\/www.redenoticia.com.br\/noticia\/?p=197300"},"modified":"2020-08-26T11:46:02","modified_gmt":"2020-08-26T14:46:02","slug":"resumo-novela-eta-mundo-bom-27-08-claudio-descobre-o-motivo-de-alice-nao-gostar-de-araujo","status":"publish","type":"post","link":"https:\/\/migracao.redenoticia.com.br\/noticia\/2020\/resumo-novela-eta-mundo-bom-27-08-claudio-descobre-o-motivo-de-alice-nao-gostar-de-araujo\/197300","title":{"rendered":"Resumo novela \u201cEta Mundo Bom\u201d 27\/08: Cl\u00e1udio descobre o motivo de Alice n\u00e3o gostar de Ara\u00fajo"},"content":{"rendered":"<p><img loading=\"lazy\" decoding=\"async\" class=\"aligncenter size-full wp-image-192794\" src=\"https:\/\/migracao.redenoticia.com.br\/noticia\/imagens\/eta-mundo-bom-fazenda.jpg\" alt=\"\" width=\"502\" height=\"460\" srcset=\"https:\/\/migracao.redenoticia.com.br\/noticia\/imagens\/eta-mundo-bom-fazenda.jpg 502w, https:\/\/migracao.redenoticia.com.br\/noticia\/imagens\/eta-mundo-bom-fazenda-204x187.jpg 204w, https:\/\/migracao.redenoticia.com.br\/noticia\/imagens\/eta-mundo-bom-fazenda-327x300.jpg 327w, https:\/\/migracao.redenoticia.com.br\/noticia\/imagens\/eta-mundo-bom-fazenda-153x140.jpg 153w, https:\/\/migracao.redenoticia.com.br\/noticia\/imagens\/eta-mundo-bom-fazenda-93x85.jpg 93w\" sizes=\"auto, (max-width: 502px) 100vw, 502px\" \/><\/p>\n<p><strong><em>Resumo novela \u201cEta Mundo Bom\u201d 27\/08<\/em><\/strong>: no cap\u00edtulo 089(*) da novela, quinta-feira, 27 de agosto, Candinho expulsa Sandra com a ajuda de Policarpo, e Ernesto cuida de sua comparsa. Romeu dan\u00e7a com Sarita, e Mafalda se incomoda. Leonardo gosta de conhecer Filomena, que se preocupa com a falta de not\u00edcias de Candinho. Candinho pensa em buscar Filomena e seu filho na fazenda. Severo e Diana se aproximam. Braz manipula Ilde. Cunegundes e sua fam\u00edlia tentam administrar a fazenda sem a ajuda de Z\u00e9 dos Porcos. Alice se recusa a ficar perto de Ara\u00fajo, e Cl\u00e1udio sofre. Maria visita Gerusa no hospital. Chega o dia do julgamento de Sandra e Anast\u00e1cia.<\/p>\n<p>Sandra mente durante o depoimento. Cl\u00e1udio pede a Olga para levar Alice para v\u00ea-lo. Faustino consegue desqualificar o depoimento de Anast\u00e1cia. Romeu e Sarita tomam banho juntos no rio. Um dos peritos afirma que os documentos indicados no processo n\u00e3o foram falsificados. Haroldo dep\u00f5e contra Anast\u00e1cia. Faustino tenta ridicularizar o depoimento de Candinho. Alice conta a Cl\u00e1udio o motivo de n\u00e3o gostar mais de Ara\u00fajo. Faustino distorce todos os depoimentos favor\u00e1veis a Anast\u00e1cia. Cl\u00e1udio invade o tribunal no momento em que Ara\u00fajo inicia seu depoimento.<\/p>\n<p>(*) edi\u00e7\u00e3o das novelas da Globo, \u201cEta Mundo Bom\u201d, sujeito a altera\u00e7\u00e3o de data e conte\u00fado.<\/p>\n<p>&#8220;Eta Mundo Bom&#8221; \u00e9 ambientada em 1948. A trama conta a hist\u00f3ria de Candinho (S\u00e9rgio Guiz\u00e9), que foi separado da m\u00e3e logo ap\u00f3s seu nascimento e foi acolhido pelo casal Cunegundes (Elizabeth Savalla) e Quinzinho (Ary Fontoura), donos da decadente fazenda Dom Pedro II, perto da cidade fict\u00edcia de Piracema, por volta dos anos 20.<\/p>\n","protected":false},"excerpt":{"rendered":"<p>Resumo novela \u201cEta Mundo Bom\u201d 27\/08: no cap\u00edtulo 089(*) da novela, quinta-feira, 27 de agosto, Candinho expulsa Sandra com a ajuda de Policarpo, e Ernesto cuida de sua comparsa. Romeu dan\u00e7a com Sarita, e Mafalda se incomoda. Leonardo gosta de conhecer Filomena, que se preocupa com a falta de not\u00edcias de Candinho. Candinho pensa em [&hellip;]<\/p>\n","protected":false},"author":4,"featured_media":195144,"comment_status":"closed","ping_status":"closed","sticky":false,"template":"","format":"standard","meta":{"tdm_status":"","tdm_grid_status":"","footnotes":""},"categories":[558,379,375,2025,343],"tags":[441],"class_list":{"0":"post-197300","1":"post","2":"type-post","3":"status-publish","4":"format-standard","5":"has-post-thumbnail","7":"category-eta-mundo-bom","8":"category-novelas","9":"category-rede-globo","10":"category-resumo","11":"category-televisao","12":"tag-resumo-do-dia"},"_links":{"self":[{"href":"https:\/\/migracao.redenoticia.com.br\/noticia\/wp-json\/wp\/v2\/posts\/197300","targetHints":{"allow":["GET"]}}],"collection":[{"href":"https:\/\/migracao.redenoticia.com.br\/noticia\/wp-json\/wp\/v2\/posts"}],"about":[{"href":"https:\/\/migracao.redenoticia.com.br\/noticia\/wp-json\/wp\/v2\/types\/post"}],"author":[{"embeddable":true,"href":"https:\/\/migracao.redenoticia.com.br\/noticia\/wp-json\/wp\/v2\/users\/4"}],"replies":[{"embeddable":true,"href":"https:\/\/migracao.redenoticia.com.br\/noticia\/wp-json\/wp\/v2\/comments?post=197300"}],"version-history":[{"count":0,"href":"https:\/\/migracao.redenoticia.com.br\/noticia\/wp-json\/wp\/v2\/posts\/197300\/revisions"}],"wp:featuredmedia":[{"embeddable":true,"href":"https:\/\/migracao.redenoticia.com.br\/noticia\/wp-json\/wp\/v2\/media\/195144"}],"wp:attachment":[{"href":"https:\/\/migracao.redenoticia.com.br\/noticia\/wp-json\/wp\/v2\/media?parent=197300"}],"wp:term":[{"taxonomy":"category","embeddable":true,"href":"https:\/\/migracao.redenoticia.com.br\/noticia\/wp-json\/wp\/v2\/categories?post=197300"},{"taxonomy":"post_tag","embeddable":true,"href":"https:\/\/migracao.redenoticia.com.br\/noticia\/wp-json\/wp\/v2\/tags?post=197300"}],"curies":[{"name":"wp","href":"https:\/\/api.w.org\/{rel}","templated":true}]}}