{"id":197306,"date":"2020-08-26T11:51:24","date_gmt":"2020-08-26T14:51:24","guid":{"rendered":"https:\/\/www.redenoticia.com.br\/noticia\/?p=197306"},"modified":"2020-08-26T11:51:24","modified_gmt":"2020-08-26T14:51:24","slug":"resumo-novela-novo-mundo-27-08-joaquim-tem-que-escolher-entre-a-vida-de-anna-e-a-de-dom-pedro","status":"publish","type":"post","link":"https:\/\/migracao.redenoticia.com.br\/noticia\/2020\/resumo-novela-novo-mundo-27-08-joaquim-tem-que-escolher-entre-a-vida-de-anna-e-a-de-dom-pedro\/197306","title":{"rendered":"Resumo novela \u201cNovo Mundo\u201d 27\/08: Joaquim tem que escolher entre a vida de Anna e a de Dom Pedro"},"content":{"rendered":"<p><img loading=\"lazy\" decoding=\"async\" class=\"aligncenter size-full wp-image-190256\" src=\"https:\/\/migracao.redenoticia.com.br\/noticia\/imagens\/novo-mundo-reprise-globo.jpg\" alt=\"\" width=\"600\" height=\"600\" srcset=\"https:\/\/migracao.redenoticia.com.br\/noticia\/imagens\/novo-mundo-reprise-globo.jpg 600w, https:\/\/migracao.redenoticia.com.br\/noticia\/imagens\/novo-mundo-reprise-globo-187x187.jpg 187w, https:\/\/migracao.redenoticia.com.br\/noticia\/imagens\/novo-mundo-reprise-globo-300x300.jpg 300w, https:\/\/migracao.redenoticia.com.br\/noticia\/imagens\/novo-mundo-reprise-globo-150x150.jpg 150w, https:\/\/migracao.redenoticia.com.br\/noticia\/imagens\/novo-mundo-reprise-globo-140x140.jpg 140w, https:\/\/migracao.redenoticia.com.br\/noticia\/imagens\/novo-mundo-reprise-globo-85x85.jpg 85w\" sizes=\"auto, (max-width: 600px) 100vw, 600px\" \/><\/p>\n<p><em><strong>Resumo novela \u201cNovo Mundo\u201d 27\/08<\/strong><\/em>: no cap\u00edtulo 129(*) da novela, quinta-feira, 27 de agosto, Elvira substitui Cosette no espet\u00e1culo. Elvira fica paralisada ao entrar no palco. Diara se emociona ao ver que Wolfgang est\u00e1 consciente. Elvira consegue atuar no espet\u00e1culo. O tempo passa e Elvira anuncia que vai partir em turn\u00ea com a companhia de teatro. Lurdes e Dalva se encantam pelo novo mordomo e seu irm\u00e3o g\u00eameo.<\/p>\n<p>Pedro confisca os bens de Sebasti\u00e3o. Diara e Matias s\u00e3o anistiados por Dom Pedro. Sebasti\u00e3o tem seus m\u00f3veis confiscados Peter e Am\u00e1lia se casam. Leopoldina e Pedro trocam declara\u00e7\u00f5es de amor. Thomas for\u00e7a Joaquim a escolher entre a vida de Anna e a de Dom Pedro.<\/p>\n<p>(*) edi\u00e7\u00e3o das novelas da Globo, \u201cNovo Mundo\u201d, sujeito a altera\u00e7\u00e3o de data e conte\u00fado.<\/p>\n<p>Sinopse \u201cNovo Mundo\u201d: Em 1817 Anna Millman (Isabelle Drummond) \u00e9 uma inglesa que \u00e9 professora de portugu\u00eas que se envolve com o ator luso-brasileiro Joaquim Martinho (Chay Suede). Os dois se conhecem na Europa, mas v\u00eam ao pa\u00eds por causa da uni\u00e3o da futura imperatriz do Brasil com Dom Pedro (Caio Castro). Seus destinos se cruzam ao se encontrarem a bordo do navio que traz a princesa Maria Leopoldina de \u00c1ustria (Let\u00edcia Colin) para o Brasil, j\u00e1 que havia se casado com Dom Pedro por meio de uma procura\u00e7\u00e3o. Os dois iniciam um romance durante a viagem ao Novo Mundo.<\/p>\n","protected":false},"excerpt":{"rendered":"<p>Resumo novela \u201cNovo Mundo\u201d 27\/08: no cap\u00edtulo 129(*) da novela, quinta-feira, 27 de agosto, Elvira substitui Cosette no espet\u00e1culo. Elvira fica paralisada ao entrar no palco. Diara se emociona ao ver que Wolfgang est\u00e1 consciente. Elvira consegue atuar no espet\u00e1culo. O tempo passa e Elvira anuncia que vai partir em turn\u00ea com a companhia de [&hellip;]<\/p>\n","protected":false},"author":4,"featured_media":195131,"comment_status":"closed","ping_status":"closed","sticky":false,"template":"","format":"standard","meta":{"tdm_status":"","tdm_grid_status":"","footnotes":""},"categories":[379,557,375,2025,343],"tags":[441],"class_list":{"0":"post-197306","1":"post","2":"type-post","3":"status-publish","4":"format-standard","5":"has-post-thumbnail","7":"category-novelas","8":"category-novo-mundo","9":"category-rede-globo","10":"category-resumo","11":"category-televisao","12":"tag-resumo-do-dia"},"_links":{"self":[{"href":"https:\/\/migracao.redenoticia.com.br\/noticia\/wp-json\/wp\/v2\/posts\/197306","targetHints":{"allow":["GET"]}}],"collection":[{"href":"https:\/\/migracao.redenoticia.com.br\/noticia\/wp-json\/wp\/v2\/posts"}],"about":[{"href":"https:\/\/migracao.redenoticia.com.br\/noticia\/wp-json\/wp\/v2\/types\/post"}],"author":[{"embeddable":true,"href":"https:\/\/migracao.redenoticia.com.br\/noticia\/wp-json\/wp\/v2\/users\/4"}],"replies":[{"embeddable":true,"href":"https:\/\/migracao.redenoticia.com.br\/noticia\/wp-json\/wp\/v2\/comments?post=197306"}],"version-history":[{"count":0,"href":"https:\/\/migracao.redenoticia.com.br\/noticia\/wp-json\/wp\/v2\/posts\/197306\/revisions"}],"wp:featuredmedia":[{"embeddable":true,"href":"https:\/\/migracao.redenoticia.com.br\/noticia\/wp-json\/wp\/v2\/media\/195131"}],"wp:attachment":[{"href":"https:\/\/migracao.redenoticia.com.br\/noticia\/wp-json\/wp\/v2\/media?parent=197306"}],"wp:term":[{"taxonomy":"category","embeddable":true,"href":"https:\/\/migracao.redenoticia.com.br\/noticia\/wp-json\/wp\/v2\/categories?post=197306"},{"taxonomy":"post_tag","embeddable":true,"href":"https:\/\/migracao.redenoticia.com.br\/noticia\/wp-json\/wp\/v2\/tags?post=197306"}],"curies":[{"name":"wp","href":"https:\/\/api.w.org\/{rel}","templated":true}]}}