{"id":197312,"date":"2020-08-26T11:54:20","date_gmt":"2020-08-26T14:54:20","guid":{"rendered":"https:\/\/www.redenoticia.com.br\/noticia\/?p=197312"},"modified":"2020-08-26T11:54:20","modified_gmt":"2020-08-26T14:54:20","slug":"resumo-novela-fina-estampa-27-08-griselda-tranca-tereza-cristina-e-ferdinand-com-os-ratos","status":"publish","type":"post","link":"https:\/\/migracao.redenoticia.com.br\/noticia\/2020\/resumo-novela-fina-estampa-27-08-griselda-tranca-tereza-cristina-e-ferdinand-com-os-ratos\/197312","title":{"rendered":"Resumo novela \u201cFina Estampa\u201d 27\/08: Griselda tranca Tereza Cristina e Ferdinand com os ratos"},"content":{"rendered":"<p><img loading=\"lazy\" decoding=\"async\" class=\"aligncenter size-full wp-image-190230\" src=\"https:\/\/migracao.redenoticia.com.br\/noticia\/imagens\/fina-estampa.jpg\" alt=\"\" width=\"800\" height=\"792\" srcset=\"https:\/\/migracao.redenoticia.com.br\/noticia\/imagens\/fina-estampa.jpg 800w, https:\/\/migracao.redenoticia.com.br\/noticia\/imagens\/fina-estampa-189x187.jpg 189w, https:\/\/migracao.redenoticia.com.br\/noticia\/imagens\/fina-estampa-303x300.jpg 303w, https:\/\/migracao.redenoticia.com.br\/noticia\/imagens\/fina-estampa-768x760.jpg 768w, https:\/\/migracao.redenoticia.com.br\/noticia\/imagens\/fina-estampa-150x150.jpg 150w, https:\/\/migracao.redenoticia.com.br\/noticia\/imagens\/fina-estampa-141x140.jpg 141w, https:\/\/migracao.redenoticia.com.br\/noticia\/imagens\/fina-estampa-86x85.jpg 86w, https:\/\/migracao.redenoticia.com.br\/noticia\/imagens\/fina-estampa-696x689.jpg 696w\" sizes=\"auto, (max-width: 800px) 100vw, 800px\" \/><\/p>\n<p><em><strong>Resumo novela \u201cFina Estampa\u201d 27\/08<\/strong><\/em>: no cap\u00edtulo 136(*) da novela, quinta-feira, 27 de agosto, Solange \u00e9 convidada para participar de programas de TV. Guaracy revela para Esther que passou a noite com Griselda. Edvaldo pede Gl\u00f3ria em casamento. Paulo impede o ass\u00e9dio da imprensa a Esther e Victoria. Ellen, Vanessa e Patr\u00edcia seguem o plano de Antenor e forjam um v\u00eddeo sobre Alexandre. Ren\u00e9 observa Vanessa no Brasileir\u00edssimo. Passam-se duas semanas.<\/p>\n<p>Baltazar pede para Cr\u00f4 esquecer o abra\u00e7o entre eles. Griselda coordena a arruma\u00e7\u00e3o de sua mans\u00e3o para o casamento de Am\u00e1lia. Juan Guilherme descobre que Chiara est\u00e1 mesmo doente, mas que pode ser curada com uma opera\u00e7\u00e3o. Ao saber que permanecer\u00e1 com a guarda de Pedro Jorge, Celina avisa a seu advogado que n\u00e3o deixar\u00e1 Danielle ver seu neto. Griselda tranca Tereza Cristina, Ferdinand e os ratos na sauna.<\/p>\n<p>(*) edi\u00e7\u00e3o das novelas da Globo, \u201cFina Estampa\u201d, sujeito a altera\u00e7\u00e3o de data e conte\u00fado.<\/p>\n<p>Sinopse \u201cFina Estampa\u201d: A vi\u00fava Griselda, conhecida como Pereir\u00e3o, trabalha como faz-tudo para sustentar seus tr\u00eas filhos. J\u00e1 Tereza Cristina \u00e9 uma socialite que acredita ter a vida perfeita. Seus destinos se cruzam por acaso e tudo muda quando Griselda ganha 30 milh\u00f5es.<\/p>\n","protected":false},"excerpt":{"rendered":"<p>Resumo novela \u201cFina Estampa\u201d 27\/08: no cap\u00edtulo 136(*) da novela, quinta-feira, 27 de agosto, Solange \u00e9 convidada para participar de programas de TV. Guaracy revela para Esther que passou a noite com Griselda. Edvaldo pede Gl\u00f3ria em casamento. Paulo impede o ass\u00e9dio da imprensa a Esther e Victoria. Ellen, Vanessa e Patr\u00edcia seguem o plano [&hellip;]<\/p>\n","protected":false},"author":4,"featured_media":190232,"comment_status":"closed","ping_status":"closed","sticky":false,"template":"","format":"standard","meta":{"tdm_status":"","tdm_grid_status":"","footnotes":""},"categories":[555,379,375,2025,343],"tags":[441],"class_list":{"0":"post-197312","1":"post","2":"type-post","3":"status-publish","4":"format-standard","5":"has-post-thumbnail","7":"category-fina-estampa","8":"category-novelas","9":"category-rede-globo","10":"category-resumo","11":"category-televisao","12":"tag-resumo-do-dia"},"_links":{"self":[{"href":"https:\/\/migracao.redenoticia.com.br\/noticia\/wp-json\/wp\/v2\/posts\/197312","targetHints":{"allow":["GET"]}}],"collection":[{"href":"https:\/\/migracao.redenoticia.com.br\/noticia\/wp-json\/wp\/v2\/posts"}],"about":[{"href":"https:\/\/migracao.redenoticia.com.br\/noticia\/wp-json\/wp\/v2\/types\/post"}],"author":[{"embeddable":true,"href":"https:\/\/migracao.redenoticia.com.br\/noticia\/wp-json\/wp\/v2\/users\/4"}],"replies":[{"embeddable":true,"href":"https:\/\/migracao.redenoticia.com.br\/noticia\/wp-json\/wp\/v2\/comments?post=197312"}],"version-history":[{"count":0,"href":"https:\/\/migracao.redenoticia.com.br\/noticia\/wp-json\/wp\/v2\/posts\/197312\/revisions"}],"wp:featuredmedia":[{"embeddable":true,"href":"https:\/\/migracao.redenoticia.com.br\/noticia\/wp-json\/wp\/v2\/media\/190232"}],"wp:attachment":[{"href":"https:\/\/migracao.redenoticia.com.br\/noticia\/wp-json\/wp\/v2\/media?parent=197312"}],"wp:term":[{"taxonomy":"category","embeddable":true,"href":"https:\/\/migracao.redenoticia.com.br\/noticia\/wp-json\/wp\/v2\/categories?post=197312"},{"taxonomy":"post_tag","embeddable":true,"href":"https:\/\/migracao.redenoticia.com.br\/noticia\/wp-json\/wp\/v2\/tags?post=197312"}],"curies":[{"name":"wp","href":"https:\/\/api.w.org\/{rel}","templated":true}]}}