{"id":197325,"date":"2020-08-27T11:54:26","date_gmt":"2020-08-27T14:54:26","guid":{"rendered":"https:\/\/www.redenoticia.com.br\/noticia\/?p=197325"},"modified":"2020-08-27T11:54:26","modified_gmt":"2020-08-27T14:54:26","slug":"resumo-novela-quando-me-apaixono-28-08-roberta-encontra-regina-e-lhe-da-uma-bofetada","status":"publish","type":"post","link":"https:\/\/migracao.redenoticia.com.br\/noticia\/2020\/resumo-novela-quando-me-apaixono-28-08-roberta-encontra-regina-e-lhe-da-uma-bofetada\/197325","title":{"rendered":"Resumo novela \u201cQuando me Apaixono \u201d 28\/08: Roberta encontra Regina e lhe d\u00e1 uma bofetada"},"content":{"rendered":"<p><em><strong><img loading=\"lazy\" decoding=\"async\" class=\"aligncenter size-full wp-image-195148\" src=\"https:\/\/migracao.redenoticia.com.br\/noticia\/imagens\/Resumo-Quando-me-Apaixono-capitulos-novela-sbt.jpg\" alt=\"\" width=\"1280\" height=\"720\" srcset=\"https:\/\/migracao.redenoticia.com.br\/noticia\/imagens\/Resumo-Quando-me-Apaixono-capitulos-novela-sbt.jpg 1280w, https:\/\/migracao.redenoticia.com.br\/noticia\/imagens\/Resumo-Quando-me-Apaixono-capitulos-novela-sbt-250x140.jpg 250w, https:\/\/migracao.redenoticia.com.br\/noticia\/imagens\/Resumo-Quando-me-Apaixono-capitulos-novela-sbt-400x225.jpg 400w, https:\/\/migracao.redenoticia.com.br\/noticia\/imagens\/Resumo-Quando-me-Apaixono-capitulos-novela-sbt-768x432.jpg 768w, https:\/\/migracao.redenoticia.com.br\/noticia\/imagens\/Resumo-Quando-me-Apaixono-capitulos-novela-sbt-150x85.jpg 150w, https:\/\/migracao.redenoticia.com.br\/noticia\/imagens\/Resumo-Quando-me-Apaixono-capitulos-novela-sbt-696x392.jpg 696w, https:\/\/migracao.redenoticia.com.br\/noticia\/imagens\/Resumo-Quando-me-Apaixono-capitulos-novela-sbt-1068x601.jpg 1068w\" sizes=\"auto, (max-width: 1280px) 100vw, 1280px\" \/><\/p>\n<p>Resumo novela \u201cQuando me Apaixono \u201d 28\/08<\/strong><\/em>: no cap\u00edtulo 030(*) da novela, sexta-feira, 28 de agosto, quando Renata comenta com Jer\u00f4nimo que Regina a inquieta e tem a sensa\u00e7\u00e3o de que sempre fez parte de sua vida, ele diz que com ela acontece o mesmo. Roberta encontra Regina em um restaurante, lhe d\u00e1 uma bofetada e a acusa de ter separado seus pais. Ant\u00f4nio comenta com Gon\u00e7alo que em breve se casar\u00e1 com Regina. Gonzalo decide procurar Regina e pedir-lhe que adie seu casamento com Antonio, enquanto sua situa\u00e7\u00e3o com Josefina se define. Regina lhe diz que eles n\u00e3o podem ficar juntos. Gon\u00e7alo fica furioso ao saber que Roberta agrediu Regina e pede a ela que postergue a data de seu casamento. Em casa, Gon\u00e7alo reprova Roberta por ter esbofeteado Regina. Josefina intercede na discuss\u00e3o argumentando que Sober\u00f3n havia provocado a jovem.<\/p>\n<p>Hon\u00f3rio revela a Constan\u00e7a que tem uma filha e diz quem \u00e9 ela. Ela est\u00e1 muito mal, porque se sente frustrada por n\u00e3o ter podido dar um filho ao marido. Josefina finge um desmaio e diz a Gon\u00e7alo que o m\u00e9dico j\u00e1 lhe contou que tem um tumor na cabe\u00e7a. Muito feliz, Renata resolve ir falar com a m\u00e3e para convid\u00e1-la para o casamento. Josefina surpreende a filha quando ela diz que n\u00e3o vai acompanh\u00e1-la ao casamento com Linares.<\/p>\n<p>(*) edi\u00e7\u00e3o das novelas do SBT, \u201cQuando me Apaixono \u201d, sujeito a altera\u00e7\u00e3o de data e conte\u00fado.<\/p>\n<p>Sinopse \u201cQuando me Apaixono\u201d: A hist\u00f3ria come\u00e7a com o nascimento de duas meninas, Regina e Roberta; ambas s\u00e3o filhas de Roberto Gamba (Sebasti\u00e1n Rulli), mas de m\u00e3es diferentes. Enquanto Regina \u00e9 filha de Regina Sober\u00f3n Gamba (Lidia \u00c1vila\/Julieta Rosen), a esposa leg\u00edtima de Roberto, Roberta \u00e9 filha de Josefina &#8220;Pepa&#8221; \u00c1lvarez Mart\u00ednez (Margarita Maga\u00f1a\/Roc\u00edo Banquells), a amante de Roberto.<\/p>\n<p>Quando Roberto diz a Pepa que n\u00e3o vai deixar sua esposa e sua filha Regina, aquela, cheia de raiva depois de causar a morte de Roberto, decide raptar a filha de Regina para se vingar dela e faz\u00ea-la sofrer. Pepa muda o nome de Regina para Renata e foge com as duas meninas, deixando Regina despeda\u00e7ada pela perda de sua filha.<\/p>\n","protected":false},"excerpt":{"rendered":"<p>Resumo novela \u201cQuando me Apaixono \u201d 28\/08: no cap\u00edtulo 030(*) da novela, sexta-feira, 28 de agosto, quando Renata comenta com Jer\u00f4nimo que Regina a inquieta e tem a sensa\u00e7\u00e3o de que sempre fez parte de sua vida, ele diz que com ela acontece o mesmo. Roberta encontra Regina em um restaurante, lhe d\u00e1 uma bofetada [&hellip;]<\/p>\n","protected":false},"author":4,"featured_media":195893,"comment_status":"closed","ping_status":"closed","sticky":false,"template":"","format":"standard","meta":{"tdm_status":"","tdm_grid_status":"","footnotes":""},"categories":[379,2028,2025,372,343],"tags":[441],"class_list":{"0":"post-197325","1":"post","2":"type-post","3":"status-publish","4":"format-standard","5":"has-post-thumbnail","7":"category-novelas","8":"category-quando-me-apaixono","9":"category-resumo","10":"category-sbt","11":"category-televisao","12":"tag-resumo-do-dia"},"_links":{"self":[{"href":"https:\/\/migracao.redenoticia.com.br\/noticia\/wp-json\/wp\/v2\/posts\/197325","targetHints":{"allow":["GET"]}}],"collection":[{"href":"https:\/\/migracao.redenoticia.com.br\/noticia\/wp-json\/wp\/v2\/posts"}],"about":[{"href":"https:\/\/migracao.redenoticia.com.br\/noticia\/wp-json\/wp\/v2\/types\/post"}],"author":[{"embeddable":true,"href":"https:\/\/migracao.redenoticia.com.br\/noticia\/wp-json\/wp\/v2\/users\/4"}],"replies":[{"embeddable":true,"href":"https:\/\/migracao.redenoticia.com.br\/noticia\/wp-json\/wp\/v2\/comments?post=197325"}],"version-history":[{"count":0,"href":"https:\/\/migracao.redenoticia.com.br\/noticia\/wp-json\/wp\/v2\/posts\/197325\/revisions"}],"wp:featuredmedia":[{"embeddable":true,"href":"https:\/\/migracao.redenoticia.com.br\/noticia\/wp-json\/wp\/v2\/media\/195893"}],"wp:attachment":[{"href":"https:\/\/migracao.redenoticia.com.br\/noticia\/wp-json\/wp\/v2\/media?parent=197325"}],"wp:term":[{"taxonomy":"category","embeddable":true,"href":"https:\/\/migracao.redenoticia.com.br\/noticia\/wp-json\/wp\/v2\/categories?post=197325"},{"taxonomy":"post_tag","embeddable":true,"href":"https:\/\/migracao.redenoticia.com.br\/noticia\/wp-json\/wp\/v2\/tags?post=197325"}],"curies":[{"name":"wp","href":"https:\/\/api.w.org\/{rel}","templated":true}]}}