{"id":197330,"date":"2020-08-27T11:55:36","date_gmt":"2020-08-27T14:55:36","guid":{"rendered":"https:\/\/www.redenoticia.com.br\/noticia\/?p=197330"},"modified":"2020-08-27T15:44:09","modified_gmt":"2020-08-27T18:44:09","slug":"resumo-novela-o-que-a-vida-me-roubou-28-08-carlota-diz-que-lagrimas-de-graziela-sao-de-arrependimento","status":"publish","type":"post","link":"https:\/\/migracao.redenoticia.com.br\/noticia\/2020\/resumo-novela-o-que-a-vida-me-roubou-28-08-carlota-diz-que-lagrimas-de-graziela-sao-de-arrependimento\/197330","title":{"rendered":"Resumo novela \u201cO Que A Vida Me Roubou\u201d 28\/08:  Carlota diz que l\u00e1grimas de Graziela s\u00e3o de arrependimento"},"content":{"rendered":"<p><img loading=\"lazy\" decoding=\"async\" class=\"aligncenter size-full wp-image-191122\" src=\"https:\/\/migracao.redenoticia.com.br\/noticia\/imagens\/o-que-a-vida-me-roubou-elenco.jpg\" alt=\"\" width=\"693\" height=\"576\" srcset=\"https:\/\/migracao.redenoticia.com.br\/noticia\/imagens\/o-que-a-vida-me-roubou-elenco.jpg 693w, https:\/\/migracao.redenoticia.com.br\/noticia\/imagens\/o-que-a-vida-me-roubou-elenco-225x187.jpg 225w, https:\/\/migracao.redenoticia.com.br\/noticia\/imagens\/o-que-a-vida-me-roubou-elenco-361x300.jpg 361w, https:\/\/migracao.redenoticia.com.br\/noticia\/imagens\/o-que-a-vida-me-roubou-elenco-168x140.jpg 168w, https:\/\/migracao.redenoticia.com.br\/noticia\/imagens\/o-que-a-vida-me-roubou-elenco-102x85.jpg 102w\" sizes=\"auto, (max-width: 693px) 100vw, 693px\" \/><\/p>\n<p><strong><em>Resumo da novela \u201cO Que A Vida Me Roubou\u201d<\/em><\/strong> em 28\/08: no cap\u00edtulo 095(*) da novela, sexta-feira, 28 de agosto, Alessandro pede a Montserrat que jure, em frente ao altar, que segue o amando. Ela responde que o ama mais que sua pr\u00f3pria vida. Jos\u00e9 Lu\u00eds diz a Ros\u00e1rio que foi \u00e0 casa de Pedro Medina falar com N\u00e1dia e que, infelizmente, a jovem confirmou que tanto Victor quanto Alessandro n\u00e3o conseguiram se salvar e acabaram falecendo. Graziela diz a Fab\u00edola que est\u00e1 s\u00f3 e a merc\u00ea de qualquer um. Adolfo diz a Victor que ele n\u00e3o lhe cai bem, mas sua irm\u00e3 o ama, por isso ir\u00e1 ajudar. Adolfo diz a Victor que Pedro suspeita que ele esteja em \u00c1gua Azul e deu ordens para mat\u00e1-lo. Adolfo pede a Victor que diga a Alessandro que deseja v\u00ea-lo, porque est\u00e1 certo que o interessa o que tem a dizer. Montserrat est\u00e1 a ponto de ir ao encontro que tem com Alessandro quando chega Jos\u00e9 Lu\u00eds. Ela diz que ir\u00e1 ao encontro de N\u00e1dia. Jos\u00e9 Lu\u00eds insiste em acompanh\u00e1-la. Montserrat garante que n\u00e3o \u00e9 preciso, pois talvez demore, tendo em vista que n\u00e3o v\u00ea sua amiga h\u00e1 muito tempo. Jos\u00e9 Lu\u00eds machuca o p\u00e9, o que atrasa Montserrat.<\/p>\n<p>Enquanto isso, Alessandro espera desesperado por sua amada. Montserrat, nervosa, diz a Jos\u00e9 Lu\u00eds que deve ir ao hospital para que lhe fa\u00e7am um curativo no p\u00e9. Ros\u00e1rio diz que preparou um rem\u00e9dio muito bom e que ir\u00e1 lhe dar alguns analg\u00e9sicos fortes, que o far\u00e3o dormir toda a noite. Graziela chora porque sente que seus filhos est\u00e3o cada vez mais afastados dela. Carlota a diz que deveria estar feliz, pois Montserrat est\u00e1 casada com o homem que ama e Dem\u00e9trio est\u00e1 a ponto de iniciar uma nova vida com a mulher que ama. Graziela segue chorando, dizendo n\u00e3o saber uma forma de ganhar o afeto de seus filhos. Carlota ent\u00e3o diz que essas l\u00e1grimas s\u00f3 podem ser de arrependimento, e que se ela seguir agindo como est\u00e1, seus filhos se afastar\u00e3o cada vez mais.<\/p>\n<p>(*) edi\u00e7\u00e3o das novelas do SBT, \u201cO Que A Vida Me Roubou\u201d, sujeito a altera\u00e7\u00e3o de data e conte\u00fado.<\/p>\n<p>Novela \u201cO Que A Vida Me Roubou\u201d: A hist\u00f3ria se passa em \u00c1gua Azul, onde Montserrat vive. Montserrat \u00e9 uma bela jovem socialite que sempre foi dominada por sua m\u00e3e Graziela, cuja \u00fanica preocupa\u00e7\u00e3o \u00e9 o seu elevado estatuto na sociedade, mesmo que a fam\u00edlia esteja financeiramente arruinada. Montserrat, apesar de fazer tudo o que sua m\u00e3e diz-lhe, secretamente mant\u00e9m um relacionamento com Jos\u00e9 Luis da marinha, com quem planeja se casar.<\/p>\n","protected":false},"excerpt":{"rendered":"<p>Resumo da novela \u201cO Que A Vida Me Roubou\u201d em 28\/08: no cap\u00edtulo 095(*) da novela, sexta-feira, 28 de agosto, Alessandro pede a Montserrat que jure, em frente ao altar, que segue o amando. Ela responde que o ama mais que sua pr\u00f3pria vida. Jos\u00e9 Lu\u00eds diz a Ros\u00e1rio que foi \u00e0 casa de Pedro [&hellip;]<\/p>\n","protected":false},"author":4,"featured_media":197370,"comment_status":"closed","ping_status":"closed","sticky":false,"template":"","format":"standard","meta":{"tdm_status":"","tdm_grid_status":"","footnotes":""},"categories":[379,2025,372,343],"tags":[441],"class_list":{"0":"post-197330","1":"post","2":"type-post","3":"status-publish","4":"format-standard","5":"has-post-thumbnail","7":"category-novelas","8":"category-resumo","9":"category-sbt","10":"category-televisao","11":"tag-resumo-do-dia"},"_links":{"self":[{"href":"https:\/\/migracao.redenoticia.com.br\/noticia\/wp-json\/wp\/v2\/posts\/197330","targetHints":{"allow":["GET"]}}],"collection":[{"href":"https:\/\/migracao.redenoticia.com.br\/noticia\/wp-json\/wp\/v2\/posts"}],"about":[{"href":"https:\/\/migracao.redenoticia.com.br\/noticia\/wp-json\/wp\/v2\/types\/post"}],"author":[{"embeddable":true,"href":"https:\/\/migracao.redenoticia.com.br\/noticia\/wp-json\/wp\/v2\/users\/4"}],"replies":[{"embeddable":true,"href":"https:\/\/migracao.redenoticia.com.br\/noticia\/wp-json\/wp\/v2\/comments?post=197330"}],"version-history":[{"count":0,"href":"https:\/\/migracao.redenoticia.com.br\/noticia\/wp-json\/wp\/v2\/posts\/197330\/revisions"}],"wp:featuredmedia":[{"embeddable":true,"href":"https:\/\/migracao.redenoticia.com.br\/noticia\/wp-json\/wp\/v2\/media\/197370"}],"wp:attachment":[{"href":"https:\/\/migracao.redenoticia.com.br\/noticia\/wp-json\/wp\/v2\/media?parent=197330"}],"wp:term":[{"taxonomy":"category","embeddable":true,"href":"https:\/\/migracao.redenoticia.com.br\/noticia\/wp-json\/wp\/v2\/categories?post=197330"},{"taxonomy":"post_tag","embeddable":true,"href":"https:\/\/migracao.redenoticia.com.br\/noticia\/wp-json\/wp\/v2\/tags?post=197330"}],"curies":[{"name":"wp","href":"https:\/\/api.w.org\/{rel}","templated":true}]}}