{"id":197439,"date":"2020-08-30T13:08:42","date_gmt":"2020-08-30T16:08:42","guid":{"rendered":"https:\/\/www.redenoticia.com.br\/noticia\/?p=197439"},"modified":"2020-08-30T13:08:42","modified_gmt":"2020-08-30T16:08:42","slug":"resumo-novela-fina-estampa-31-08-tereza-questiona-se-pereirinha-e-capaz-de-matar","status":"publish","type":"post","link":"https:\/\/migracao.redenoticia.com.br\/noticia\/2020\/resumo-novela-fina-estampa-31-08-tereza-questiona-se-pereirinha-e-capaz-de-matar\/197439","title":{"rendered":"Resumo novela \u201cFina Estampa\u201d 31\/08: Tereza questiona se Pereirinha \u00e9 capaz de matar"},"content":{"rendered":"<p> <img loading=\"lazy\" decoding=\"async\" class=\"aligncenter size-full wp-image-190230\" src=\"https:\/\/migracao.redenoticia.com.br\/noticia\/imagens\/fina-estampa.jpg\" alt=\"\" width=\"800\" height=\"792\" srcset=\"https:\/\/migracao.redenoticia.com.br\/noticia\/imagens\/fina-estampa.jpg 800w, https:\/\/migracao.redenoticia.com.br\/noticia\/imagens\/fina-estampa-189x187.jpg 189w, https:\/\/migracao.redenoticia.com.br\/noticia\/imagens\/fina-estampa-303x300.jpg 303w, https:\/\/migracao.redenoticia.com.br\/noticia\/imagens\/fina-estampa-768x760.jpg 768w, https:\/\/migracao.redenoticia.com.br\/noticia\/imagens\/fina-estampa-150x150.jpg 150w, https:\/\/migracao.redenoticia.com.br\/noticia\/imagens\/fina-estampa-141x140.jpg 141w, https:\/\/migracao.redenoticia.com.br\/noticia\/imagens\/fina-estampa-86x85.jpg 86w, https:\/\/migracao.redenoticia.com.br\/noticia\/imagens\/fina-estampa-696x689.jpg 696w\" sizes=\"auto, (max-width: 800px) 100vw, 800px\" \/><\/p>\n<p><em><strong>Resumo novela \u201cFina Estampa\u201d 31\/08<\/strong><\/em>: no cap\u00edtulo 139(*) da novela, segunda-feira, 31 de agosto, Ferdinand revela para Tereza Cristina que gravou as conversas que tiveram na sauna. Pedro Jorge se revolta contra Celina. Wallace e Dagmar s\u00e3o fotografados por uma coluna social no Brasileir\u00edssimo. Ferdinand recebe dinheiro de Tereza Cristina para fugir. Gl\u00f3ria avisa a Beatriz que n\u00e3o mentir\u00e1 em sua audi\u00eancia. Pedro Jorge pede para Beatriz lev\u00e1-lo para conhecer sua irm\u00e3.<\/p>\n<p>Teodora diz a Quinz\u00e9 que o filho que ela espera n\u00e3o \u00e9 dele. Paulo surpreende os rep\u00f3rteres ao dizer que ele e Esther continuam juntos. Vanessa toca a m\u00e3o de Ren\u00e9 sem querer e fica envergonhada. Chiara decide se operar por causa de F\u00e1bio. Wallace beija Dagmar. Paulo tenta convencer Esther a processar Danielle. Danielle busca Pedro Jorge na casa de Celina. Tereza Cristina questiona se Pereirinha seria capaz de matar por dinheiro.<\/p>\n<p>(*) edi\u00e7\u00e3o das novelas da Globo, \u201cFina Estampa\u201d, sujeito a altera\u00e7\u00e3o de data e conte\u00fado.<\/p>\n<p>Sinopse \u201cFina Estampa\u201d: A vi\u00fava Griselda, conhecida como Pereir\u00e3o, trabalha como faz-tudo para sustentar seus tr\u00eas filhos. J\u00e1 Tereza Cristina \u00e9 uma socialite que acredita ter a vida perfeita. Seus destinos se cruzam por acaso e tudo muda quando Griselda ganha 30 milh\u00f5es.<\/p>\n","protected":false},"excerpt":{"rendered":"<p>Resumo novela \u201cFina Estampa\u201d 31\/08: no cap\u00edtulo 139(*) da novela, segunda-feira, 31 de agosto, Ferdinand revela para Tereza Cristina que gravou as conversas que tiveram na sauna. Pedro Jorge se revolta contra Celina. Wallace e Dagmar s\u00e3o fotografados por uma coluna social no Brasileir\u00edssimo. Ferdinand recebe dinheiro de Tereza Cristina para fugir. Gl\u00f3ria avisa a [&hellip;]<\/p>\n","protected":false},"author":2,"featured_media":197367,"comment_status":"closed","ping_status":"closed","sticky":false,"template":"","format":"standard","meta":{"tdm_status":"","tdm_grid_status":"","footnotes":""},"categories":[555,379,375,2025,343],"tags":[441],"class_list":{"0":"post-197439","1":"post","2":"type-post","3":"status-publish","4":"format-standard","5":"has-post-thumbnail","7":"category-fina-estampa","8":"category-novelas","9":"category-rede-globo","10":"category-resumo","11":"category-televisao","12":"tag-resumo-do-dia"},"_links":{"self":[{"href":"https:\/\/migracao.redenoticia.com.br\/noticia\/wp-json\/wp\/v2\/posts\/197439","targetHints":{"allow":["GET"]}}],"collection":[{"href":"https:\/\/migracao.redenoticia.com.br\/noticia\/wp-json\/wp\/v2\/posts"}],"about":[{"href":"https:\/\/migracao.redenoticia.com.br\/noticia\/wp-json\/wp\/v2\/types\/post"}],"author":[{"embeddable":true,"href":"https:\/\/migracao.redenoticia.com.br\/noticia\/wp-json\/wp\/v2\/users\/2"}],"replies":[{"embeddable":true,"href":"https:\/\/migracao.redenoticia.com.br\/noticia\/wp-json\/wp\/v2\/comments?post=197439"}],"version-history":[{"count":0,"href":"https:\/\/migracao.redenoticia.com.br\/noticia\/wp-json\/wp\/v2\/posts\/197439\/revisions"}],"wp:featuredmedia":[{"embeddable":true,"href":"https:\/\/migracao.redenoticia.com.br\/noticia\/wp-json\/wp\/v2\/media\/197367"}],"wp:attachment":[{"href":"https:\/\/migracao.redenoticia.com.br\/noticia\/wp-json\/wp\/v2\/media?parent=197439"}],"wp:term":[{"taxonomy":"category","embeddable":true,"href":"https:\/\/migracao.redenoticia.com.br\/noticia\/wp-json\/wp\/v2\/categories?post=197439"},{"taxonomy":"post_tag","embeddable":true,"href":"https:\/\/migracao.redenoticia.com.br\/noticia\/wp-json\/wp\/v2\/tags?post=197439"}],"curies":[{"name":"wp","href":"https:\/\/api.w.org\/{rel}","templated":true}]}}