{"id":197441,"date":"2020-08-30T13:15:59","date_gmt":"2020-08-30T16:15:59","guid":{"rendered":"https:\/\/www.redenoticia.com.br\/noticia\/?p=197441"},"modified":"2020-08-30T13:15:59","modified_gmt":"2020-08-30T16:15:59","slug":"resumo-quando-me-apaixono-31-08-renata-decide-dizer-sim-a-jeronimo","status":"publish","type":"post","link":"https:\/\/migracao.redenoticia.com.br\/noticia\/2020\/resumo-quando-me-apaixono-31-08-renata-decide-dizer-sim-a-jeronimo\/197441","title":{"rendered":"Resumo \u201cQuando me Apaixono \u201d 31\/08: Renata decide dizer sim a Jer\u00f4nimo"},"content":{"rendered":"<p> <em><strong><img loading=\"lazy\" decoding=\"async\" class=\"aligncenter size-full wp-image-195148\" src=\"https:\/\/migracao.redenoticia.com.br\/noticia\/imagens\/Resumo-Quando-me-Apaixono-capitulos-novela-sbt.jpg\" alt=\"\" width=\"1280\" height=\"720\" srcset=\"https:\/\/migracao.redenoticia.com.br\/noticia\/imagens\/Resumo-Quando-me-Apaixono-capitulos-novela-sbt.jpg 1280w, https:\/\/migracao.redenoticia.com.br\/noticia\/imagens\/Resumo-Quando-me-Apaixono-capitulos-novela-sbt-250x140.jpg 250w, https:\/\/migracao.redenoticia.com.br\/noticia\/imagens\/Resumo-Quando-me-Apaixono-capitulos-novela-sbt-400x225.jpg 400w, https:\/\/migracao.redenoticia.com.br\/noticia\/imagens\/Resumo-Quando-me-Apaixono-capitulos-novela-sbt-768x432.jpg 768w, https:\/\/migracao.redenoticia.com.br\/noticia\/imagens\/Resumo-Quando-me-Apaixono-capitulos-novela-sbt-150x85.jpg 150w, https:\/\/migracao.redenoticia.com.br\/noticia\/imagens\/Resumo-Quando-me-Apaixono-capitulos-novela-sbt-696x392.jpg 696w, https:\/\/migracao.redenoticia.com.br\/noticia\/imagens\/Resumo-Quando-me-Apaixono-capitulos-novela-sbt-1068x601.jpg 1068w\" sizes=\"auto, (max-width: 1280px) 100vw, 1280px\" \/><\/strong><\/em><\/p>\n<p>Resumo novela \u201cQuando me Apaixono \u201d 31\/08: no cap\u00edtulo 031(*) da novela, segunda-feira, 31 de agosto, Renata est\u00e1 na igreja com Matias e ele conta a ela que Lorena traiu Jer\u00f4nimo. Ele tamb\u00e9m lhe conta que conhece Linares h\u00e1 muitos anos e, embora d\u00f3i admiti-lo, ele diz a ela que, se seu amigo o traiu \u00e9 porque ele realmente a ama. <\/p>\n<p>Por fim, Renata decide dizer sim a Jer\u00f4nimo e eles se casam religiosa e civilmente, e depois v\u00e3o \u00e0 casa de Hon\u00f3rio e Constan\u00e7a para realizar a festa, na qual a noiva pede a Matias e seu marido que fa\u00e7am as pazes. Os dois se abra\u00e7am.<\/p>\n<p>(*) edi\u00e7\u00e3o das novelas do SBT, \u201cQuando me Apaixono \u201d, sujeito a altera\u00e7\u00e3o de data e conte\u00fado.<\/p>\n<p>Sinopse \u201cQuando me Apaixono\u201d: A hist\u00f3ria come\u00e7a com o nascimento de duas meninas, Regina e Roberta; ambas s\u00e3o filhas de Roberto Gamba (Sebasti\u00e1n Rulli), mas de m\u00e3es diferentes. Enquanto Regina \u00e9 filha de Regina Sober\u00f3n Gamba (Lidia \u00c1vila\/Julieta Rosen), a esposa leg\u00edtima de Roberto, Roberta \u00e9 filha de Josefina &#8220;Pepa&#8221; \u00c1lvarez Mart\u00ednez (Margarita Maga\u00f1a\/Roc\u00edo Banquells), a amante de Roberto.<\/p>\n<p>Quando Roberto diz a Pepa que n\u00e3o vai deixar sua esposa e sua filha Regina, aquela, cheia de raiva depois de causar a morte de Roberto, decide raptar a filha de Regina para se vingar dela e faz\u00ea-la sofrer. Pepa muda o nome de Regina para Renata e foge com as duas meninas, deixando Regina despeda\u00e7ada pela perda de sua filha.<\/p>\n","protected":false},"excerpt":{"rendered":"<p>Resumo novela \u201cQuando me Apaixono \u201d 31\/08: no cap\u00edtulo 031(*) da novela, segunda-feira, 31 de agosto, Renata est\u00e1 na igreja com Matias e ele conta a ela que Lorena traiu Jer\u00f4nimo. Ele tamb\u00e9m lhe conta que conhece Linares h\u00e1 muitos anos e, embora d\u00f3i admiti-lo, ele diz a ela que, se seu amigo o traiu [&hellip;]<\/p>\n","protected":false},"author":2,"featured_media":195893,"comment_status":"closed","ping_status":"closed","sticky":false,"template":"","format":"standard","meta":{"tdm_status":"","tdm_grid_status":"","footnotes":""},"categories":[379,2028,2025,372,343],"tags":[441],"class_list":{"0":"post-197441","1":"post","2":"type-post","3":"status-publish","4":"format-standard","5":"has-post-thumbnail","7":"category-novelas","8":"category-quando-me-apaixono","9":"category-resumo","10":"category-sbt","11":"category-televisao","12":"tag-resumo-do-dia"},"_links":{"self":[{"href":"https:\/\/migracao.redenoticia.com.br\/noticia\/wp-json\/wp\/v2\/posts\/197441","targetHints":{"allow":["GET"]}}],"collection":[{"href":"https:\/\/migracao.redenoticia.com.br\/noticia\/wp-json\/wp\/v2\/posts"}],"about":[{"href":"https:\/\/migracao.redenoticia.com.br\/noticia\/wp-json\/wp\/v2\/types\/post"}],"author":[{"embeddable":true,"href":"https:\/\/migracao.redenoticia.com.br\/noticia\/wp-json\/wp\/v2\/users\/2"}],"replies":[{"embeddable":true,"href":"https:\/\/migracao.redenoticia.com.br\/noticia\/wp-json\/wp\/v2\/comments?post=197441"}],"version-history":[{"count":0,"href":"https:\/\/migracao.redenoticia.com.br\/noticia\/wp-json\/wp\/v2\/posts\/197441\/revisions"}],"wp:featuredmedia":[{"embeddable":true,"href":"https:\/\/migracao.redenoticia.com.br\/noticia\/wp-json\/wp\/v2\/media\/195893"}],"wp:attachment":[{"href":"https:\/\/migracao.redenoticia.com.br\/noticia\/wp-json\/wp\/v2\/media?parent=197441"}],"wp:term":[{"taxonomy":"category","embeddable":true,"href":"https:\/\/migracao.redenoticia.com.br\/noticia\/wp-json\/wp\/v2\/categories?post=197441"},{"taxonomy":"post_tag","embeddable":true,"href":"https:\/\/migracao.redenoticia.com.br\/noticia\/wp-json\/wp\/v2\/tags?post=197441"}],"curies":[{"name":"wp","href":"https:\/\/api.w.org\/{rel}","templated":true}]}}