{"id":197575,"date":"2020-09-02T11:49:59","date_gmt":"2020-09-02T14:49:59","guid":{"rendered":"https:\/\/www.redenoticia.com.br\/noticia\/?p=197575"},"modified":"2020-09-02T14:27:15","modified_gmt":"2020-09-02T17:27:15","slug":"resumo-fina-estampa-03-09-quinze-reconhece-a-mulher-loira-que-o-dopou","status":"publish","type":"post","link":"https:\/\/migracao.redenoticia.com.br\/noticia\/2020\/resumo-fina-estampa-03-09-quinze-reconhece-a-mulher-loira-que-o-dopou\/197575","title":{"rendered":"Resumo \u201cFina Estampa\u201d 03\/09: Quinz\u00e9 reconhece a mulher loira que o dopou"},"content":{"rendered":"<p><img loading=\"lazy\" decoding=\"async\" class=\"aligncenter size-full wp-image-195869\" src=\"https:\/\/migracao.redenoticia.com.br\/noticia\/imagens\/fina-estampa-antenor-patricia.jpg\" alt=\"\" width=\"1280\" height=\"720\" srcset=\"https:\/\/migracao.redenoticia.com.br\/noticia\/imagens\/fina-estampa-antenor-patricia.jpg 1280w, https:\/\/migracao.redenoticia.com.br\/noticia\/imagens\/fina-estampa-antenor-patricia-250x140.jpg 250w, https:\/\/migracao.redenoticia.com.br\/noticia\/imagens\/fina-estampa-antenor-patricia-400x225.jpg 400w, https:\/\/migracao.redenoticia.com.br\/noticia\/imagens\/fina-estampa-antenor-patricia-768x432.jpg 768w, https:\/\/migracao.redenoticia.com.br\/noticia\/imagens\/fina-estampa-antenor-patricia-150x85.jpg 150w, https:\/\/migracao.redenoticia.com.br\/noticia\/imagens\/fina-estampa-antenor-patricia-696x392.jpg 696w, https:\/\/migracao.redenoticia.com.br\/noticia\/imagens\/fina-estampa-antenor-patricia-1068x601.jpg 1068w\" sizes=\"auto, (max-width: 1280px) 100vw, 1280px\" \/><\/p>\n<p><em><strong>Resumo da novela \u201cFina Estampa\u201d<\/strong><\/em> em 03\/09: no cap\u00edtulo 142(*) da novela, Griselda diz a Quinz\u00e9 que ele se arrepender\u00e1 por destratar Teodora. Henrique avisa a Danielle que Celina levou Pedro Jorge at\u00e9 a Fio Carioca. Paulo conversa com Pedro Jorge. \u00cdris e Alice tentam roubar Tereza Cristina, mas s\u00e3o flagradas por Cr\u00f4. Paulo tenta convencer Esther a deixar Pedro Jorge conhecer Vict\u00f3ria. Enzo \u00e9 chamado para fazer uma campanha como modelo.<\/p>\n<p>Quinz\u00e9 reconhece a mulher loira que o dopou. Wallace chama Dagmar para fotografar com ele. Alberto explica a Guaracy porque implica com a cozinheira do Tupinambar. Pereirinha revela que a \u00fanica mulher de quem gostou foi Griselda. \u00c1lvaro e Zambeze ficam satisfeitos com o sucesso do concurso. O delegado Paredes coloca Quinz\u00e9 frente a frente com a mulher que participou do atentado contra sua vida.<\/p>\n<p>(*) edi\u00e7\u00e3o das novelas da Globo, \u201cFina Estampa\u201d, sujeito a altera\u00e7\u00e3o de data e conte\u00fado.<\/p>\n<p>Sinopse \u201cFina Estampa\u201d: A vi\u00fava Griselda, conhecida como Pereir\u00e3o, trabalha como faz-tudo para sustentar seus tr\u00eas filhos. J\u00e1 Tereza Cristina \u00e9 uma socialite que acredita ter a vida perfeita. Seus destinos se cruzam por acaso e tudo muda quando Griselda ganha 30 milh\u00f5es.<\/p>\n","protected":false},"excerpt":{"rendered":"<p>Resumo da novela \u201cFina Estampa\u201d em 03\/09: no cap\u00edtulo 142(*) da novela, Griselda diz a Quinz\u00e9 que ele se arrepender\u00e1 por destratar Teodora. Henrique avisa a Danielle que Celina levou Pedro Jorge at\u00e9 a Fio Carioca. Paulo conversa com Pedro Jorge. \u00cdris e Alice tentam roubar Tereza Cristina, mas s\u00e3o flagradas por Cr\u00f4. Paulo tenta [&hellip;]<\/p>\n","protected":false},"author":4,"featured_media":197367,"comment_status":"closed","ping_status":"closed","sticky":false,"template":"","format":"standard","meta":{"tdm_status":"","tdm_grid_status":"","footnotes":""},"categories":[555,379,375,343],"tags":[441],"class_list":{"0":"post-197575","1":"post","2":"type-post","3":"status-publish","4":"format-standard","5":"has-post-thumbnail","7":"category-fina-estampa","8":"category-novelas","9":"category-rede-globo","10":"category-televisao","11":"tag-resumo-do-dia"},"_links":{"self":[{"href":"https:\/\/migracao.redenoticia.com.br\/noticia\/wp-json\/wp\/v2\/posts\/197575","targetHints":{"allow":["GET"]}}],"collection":[{"href":"https:\/\/migracao.redenoticia.com.br\/noticia\/wp-json\/wp\/v2\/posts"}],"about":[{"href":"https:\/\/migracao.redenoticia.com.br\/noticia\/wp-json\/wp\/v2\/types\/post"}],"author":[{"embeddable":true,"href":"https:\/\/migracao.redenoticia.com.br\/noticia\/wp-json\/wp\/v2\/users\/4"}],"replies":[{"embeddable":true,"href":"https:\/\/migracao.redenoticia.com.br\/noticia\/wp-json\/wp\/v2\/comments?post=197575"}],"version-history":[{"count":0,"href":"https:\/\/migracao.redenoticia.com.br\/noticia\/wp-json\/wp\/v2\/posts\/197575\/revisions"}],"wp:featuredmedia":[{"embeddable":true,"href":"https:\/\/migracao.redenoticia.com.br\/noticia\/wp-json\/wp\/v2\/media\/197367"}],"wp:attachment":[{"href":"https:\/\/migracao.redenoticia.com.br\/noticia\/wp-json\/wp\/v2\/media?parent=197575"}],"wp:term":[{"taxonomy":"category","embeddable":true,"href":"https:\/\/migracao.redenoticia.com.br\/noticia\/wp-json\/wp\/v2\/categories?post=197575"},{"taxonomy":"post_tag","embeddable":true,"href":"https:\/\/migracao.redenoticia.com.br\/noticia\/wp-json\/wp\/v2\/tags?post=197575"}],"curies":[{"name":"wp","href":"https:\/\/api.w.org\/{rel}","templated":true}]}}