{"id":197596,"date":"2020-09-03T11:58:39","date_gmt":"2020-09-03T14:58:39","guid":{"rendered":"https:\/\/www.redenoticia.com.br\/noticia\/?p=197596"},"modified":"2020-09-03T11:58:39","modified_gmt":"2020-09-03T14:58:39","slug":"resumo-novela-eta-mundo-bom-04-09-o-leilao-da-fazenda-e-marcado","status":"publish","type":"post","link":"https:\/\/migracao.redenoticia.com.br\/noticia\/2020\/resumo-novela-eta-mundo-bom-04-09-o-leilao-da-fazenda-e-marcado\/197596","title":{"rendered":"Resumo novela \u201cEta Mundo Bom\u201d 04\/09: O leil\u00e3o da fazenda \u00e9 marcado"},"content":{"rendered":"<p><img loading=\"lazy\" decoding=\"async\" class=\"aligncenter size-full wp-image-192794\" src=\"https:\/\/migracao.redenoticia.com.br\/noticia\/imagens\/eta-mundo-bom-fazenda.jpg\" alt=\"\" width=\"502\" height=\"460\" srcset=\"https:\/\/migracao.redenoticia.com.br\/noticia\/imagens\/eta-mundo-bom-fazenda.jpg 502w, https:\/\/migracao.redenoticia.com.br\/noticia\/imagens\/eta-mundo-bom-fazenda-204x187.jpg 204w, https:\/\/migracao.redenoticia.com.br\/noticia\/imagens\/eta-mundo-bom-fazenda-327x300.jpg 327w, https:\/\/migracao.redenoticia.com.br\/noticia\/imagens\/eta-mundo-bom-fazenda-153x140.jpg 153w, https:\/\/migracao.redenoticia.com.br\/noticia\/imagens\/eta-mundo-bom-fazenda-93x85.jpg 93w\" sizes=\"auto, (max-width: 502px) 100vw, 502px\" \/><\/p>\n<p><strong><em>Resumo novela \u201cEta Mundo Bom\u201d 04\/09<\/em><\/strong>: no cap\u00edtulo 095(*) da novela, sexta-feira, 04 de setembro, Cara de C\u00e3o consegue enganar Maria. Candinho leva Filomena para a pens\u00e3o. Clarice canta em sua estreia no dancing. Josias pede a Quinzinho que leve Paulina at\u00e9 o altar. Romeu tenta convencer Mafalda de sua fidelidade. Sandra repassa com Cara de C\u00e3o e Ernesto o seu plano. Ara\u00fajo confidencia a Celso que est\u00e1 se aproximando de Olga. Tobias ajuda Candinho com o terno para o casamento. Maria e Pirulito estranham o comportamento de Policarpo. Cam\u00e9lia e Emma ajudam Filomena a se arrumar. Ernesto entorpece Jairo e Cara de C\u00e3o toma seu lugar. Severo e Diana chegam \u00e0 igreja com Cam\u00e9lia, Emma, Ol\u00edmpia e Evandro. Candinho se preocupa com a demora de Filomena. Filomena desconfia do caminho tomado para chegar \u00e0 igreja e fica nervosa.<\/p>\n<p>Filomena se preocupa com o filho. Celso decide ir \u00e0 pens\u00e3o atr\u00e1s de not\u00edcias de Filomena. Clarice consegue fugir e avisa sobre o sequestro. Filomena se desespera ao ver Sandra e Ernesto no cativeiro. O delegado e o detetive Jack chegam ao palacete de Anast\u00e1cia. Severo e Diana se declaram um para o outro. Ilde encomenda vestidos novos com Emma. Clarice conta ao delegado que acredita que Paulina acobertou Ernesto e Sandra. In\u00e1cio informa que o leil\u00e3o da fazenda foi marcado. Sandra liga para Anast\u00e1cia.<\/p>\n<p>(*) edi\u00e7\u00e3o das novelas da Globo, \u201cEta Mundo Bom\u201d, sujeito a altera\u00e7\u00e3o de data e conte\u00fado.<\/p>\n<p>&#8220;Eta Mundo Bom&#8221; \u00e9 ambientada em 1948. A trama conta a hist\u00f3ria de Candinho (S\u00e9rgio Guiz\u00e9), que foi separado da m\u00e3e logo ap\u00f3s seu nascimento e foi acolhido pelo casal Cunegundes (Elizabeth Savalla) e Quinzinho (Ary Fontoura), donos da decadente fazenda Dom Pedro II, perto da cidade fict\u00edcia de Piracema, por volta dos anos 20.<\/p>\n","protected":false},"excerpt":{"rendered":"<p>Resumo novela \u201cEta Mundo Bom\u201d 04\/09: no cap\u00edtulo 095(*) da novela, sexta-feira, 04 de setembro, Cara de C\u00e3o consegue enganar Maria. Candinho leva Filomena para a pens\u00e3o. Clarice canta em sua estreia no dancing. Josias pede a Quinzinho que leve Paulina at\u00e9 o altar. Romeu tenta convencer Mafalda de sua fidelidade. Sandra repassa com Cara [&hellip;]<\/p>\n","protected":false},"author":4,"featured_media":195144,"comment_status":"closed","ping_status":"closed","sticky":false,"template":"","format":"standard","meta":{"tdm_status":"","tdm_grid_status":"","footnotes":""},"categories":[558,379,375,2025,343],"tags":[441],"class_list":{"0":"post-197596","1":"post","2":"type-post","3":"status-publish","4":"format-standard","5":"has-post-thumbnail","7":"category-eta-mundo-bom","8":"category-novelas","9":"category-rede-globo","10":"category-resumo","11":"category-televisao","12":"tag-resumo-do-dia"},"_links":{"self":[{"href":"https:\/\/migracao.redenoticia.com.br\/noticia\/wp-json\/wp\/v2\/posts\/197596","targetHints":{"allow":["GET"]}}],"collection":[{"href":"https:\/\/migracao.redenoticia.com.br\/noticia\/wp-json\/wp\/v2\/posts"}],"about":[{"href":"https:\/\/migracao.redenoticia.com.br\/noticia\/wp-json\/wp\/v2\/types\/post"}],"author":[{"embeddable":true,"href":"https:\/\/migracao.redenoticia.com.br\/noticia\/wp-json\/wp\/v2\/users\/4"}],"replies":[{"embeddable":true,"href":"https:\/\/migracao.redenoticia.com.br\/noticia\/wp-json\/wp\/v2\/comments?post=197596"}],"version-history":[{"count":0,"href":"https:\/\/migracao.redenoticia.com.br\/noticia\/wp-json\/wp\/v2\/posts\/197596\/revisions"}],"wp:featuredmedia":[{"embeddable":true,"href":"https:\/\/migracao.redenoticia.com.br\/noticia\/wp-json\/wp\/v2\/media\/195144"}],"wp:attachment":[{"href":"https:\/\/migracao.redenoticia.com.br\/noticia\/wp-json\/wp\/v2\/media?parent=197596"}],"wp:term":[{"taxonomy":"category","embeddable":true,"href":"https:\/\/migracao.redenoticia.com.br\/noticia\/wp-json\/wp\/v2\/categories?post=197596"},{"taxonomy":"post_tag","embeddable":true,"href":"https:\/\/migracao.redenoticia.com.br\/noticia\/wp-json\/wp\/v2\/tags?post=197596"}],"curies":[{"name":"wp","href":"https:\/\/api.w.org\/{rel}","templated":true}]}}