{"id":197605,"date":"2020-09-03T12:08:16","date_gmt":"2020-09-03T15:08:16","guid":{"rendered":"https:\/\/www.redenoticia.com.br\/noticia\/?p=197605"},"modified":"2020-09-03T12:08:16","modified_gmt":"2020-09-03T15:08:16","slug":"resumo-fina-estampa-04-09-tereza-cristina-ameaca-matar-rene-se-tentar-tirar-seus-filhos","status":"publish","type":"post","link":"https:\/\/migracao.redenoticia.com.br\/noticia\/2020\/resumo-fina-estampa-04-09-tereza-cristina-ameaca-matar-rene-se-tentar-tirar-seus-filhos\/197605","title":{"rendered":"Resumo \u201cFina Estampa\u201d 04\/09: Tereza Cristina amea\u00e7a matar Ren\u00e9 se tentar tirar seus filhos"},"content":{"rendered":"<p><img loading=\"lazy\" decoding=\"async\" class=\"aligncenter size-full wp-image-195869\" src=\"https:\/\/migracao.redenoticia.com.br\/noticia\/imagens\/fina-estampa-antenor-patricia.jpg\" alt=\"\" width=\"1280\" height=\"720\" srcset=\"https:\/\/migracao.redenoticia.com.br\/noticia\/imagens\/fina-estampa-antenor-patricia.jpg 1280w, https:\/\/migracao.redenoticia.com.br\/noticia\/imagens\/fina-estampa-antenor-patricia-250x140.jpg 250w, https:\/\/migracao.redenoticia.com.br\/noticia\/imagens\/fina-estampa-antenor-patricia-400x225.jpg 400w, https:\/\/migracao.redenoticia.com.br\/noticia\/imagens\/fina-estampa-antenor-patricia-768x432.jpg 768w, https:\/\/migracao.redenoticia.com.br\/noticia\/imagens\/fina-estampa-antenor-patricia-150x85.jpg 150w, https:\/\/migracao.redenoticia.com.br\/noticia\/imagens\/fina-estampa-antenor-patricia-696x392.jpg 696w, https:\/\/migracao.redenoticia.com.br\/noticia\/imagens\/fina-estampa-antenor-patricia-1068x601.jpg 1068w\" sizes=\"auto, (max-width: 1280px) 100vw, 1280px\" \/><\/p>\n<p><em><strong>Resumo da novela \u201cFina Estampa\u201d<\/strong><\/em> em 04\/09: no cap\u00edtulo 143(*) da novela, a loira confessa que foi Ferdinand quem a mandou seduzir Quinz\u00e9. Cr\u00f4 v\u00ea a liga\u00e7\u00e3o de Ferdinand no celular de Tereza Cristina. Tereza Cristina recebe muitos d\u00f3lares da casa de c\u00e2mbio e os guarda em seu cofre. Juan Guilherme pede para Chiara contar a verdade sobre sua doen\u00e7a para F\u00e1bio. Celina orienta Beatriz a fazer a declara\u00e7\u00e3o que combinaram sobre o julgamento de Danielle.<\/p>\n<p>Vanessa aconselha Ren\u00e9 a se mudar da casa de Tereza Cristina com seus filhos. Paulo fica com ci\u00fames de Guaracy e confessa a Esther que ainda a ama. Baltazar estranha quando Cr\u00f4 o chama pelo nome. Danielle fala para Enzo que n\u00e3o conseguir\u00e1 pagar todas as suas d\u00edvidas e ele aceita posar para a campanha para ajud\u00e1-la. Tereza Cristina amea\u00e7a matar Ren\u00e9 se ele tentar tirar seus filhos de sua casa.<\/p>\n<p>(*) edi\u00e7\u00e3o das novelas da Globo, \u201cFina Estampa\u201d, sujeito a altera\u00e7\u00e3o de data e conte\u00fado.<\/p>\n<p>Sinopse \u201cFina Estampa\u201d: A vi\u00fava Griselda, conhecida como Pereir\u00e3o, trabalha como faz-tudo para sustentar seus tr\u00eas filhos. J\u00e1 Tereza Cristina \u00e9 uma socialite que acredita ter a vida perfeita. Seus destinos se cruzam por acaso e tudo muda quando Griselda ganha 30 milh\u00f5es.<\/p>\n","protected":false},"excerpt":{"rendered":"<p>Resumo da novela \u201cFina Estampa\u201d em 04\/09: no cap\u00edtulo 143(*) da novela, a loira confessa que foi Ferdinand quem a mandou seduzir Quinz\u00e9. Cr\u00f4 v\u00ea a liga\u00e7\u00e3o de Ferdinand no celular de Tereza Cristina. Tereza Cristina recebe muitos d\u00f3lares da casa de c\u00e2mbio e os guarda em seu cofre. Juan Guilherme pede para Chiara contar [&hellip;]<\/p>\n","protected":false},"author":4,"featured_media":197367,"comment_status":"closed","ping_status":"closed","sticky":false,"template":"","format":"standard","meta":{"tdm_status":"","tdm_grid_status":"","footnotes":""},"categories":[555,379,375,2025,343],"tags":[441],"class_list":{"0":"post-197605","1":"post","2":"type-post","3":"status-publish","4":"format-standard","5":"has-post-thumbnail","7":"category-fina-estampa","8":"category-novelas","9":"category-rede-globo","10":"category-resumo","11":"category-televisao","12":"tag-resumo-do-dia"},"_links":{"self":[{"href":"https:\/\/migracao.redenoticia.com.br\/noticia\/wp-json\/wp\/v2\/posts\/197605","targetHints":{"allow":["GET"]}}],"collection":[{"href":"https:\/\/migracao.redenoticia.com.br\/noticia\/wp-json\/wp\/v2\/posts"}],"about":[{"href":"https:\/\/migracao.redenoticia.com.br\/noticia\/wp-json\/wp\/v2\/types\/post"}],"author":[{"embeddable":true,"href":"https:\/\/migracao.redenoticia.com.br\/noticia\/wp-json\/wp\/v2\/users\/4"}],"replies":[{"embeddable":true,"href":"https:\/\/migracao.redenoticia.com.br\/noticia\/wp-json\/wp\/v2\/comments?post=197605"}],"version-history":[{"count":0,"href":"https:\/\/migracao.redenoticia.com.br\/noticia\/wp-json\/wp\/v2\/posts\/197605\/revisions"}],"wp:featuredmedia":[{"embeddable":true,"href":"https:\/\/migracao.redenoticia.com.br\/noticia\/wp-json\/wp\/v2\/media\/197367"}],"wp:attachment":[{"href":"https:\/\/migracao.redenoticia.com.br\/noticia\/wp-json\/wp\/v2\/media?parent=197605"}],"wp:term":[{"taxonomy":"category","embeddable":true,"href":"https:\/\/migracao.redenoticia.com.br\/noticia\/wp-json\/wp\/v2\/categories?post=197605"},{"taxonomy":"post_tag","embeddable":true,"href":"https:\/\/migracao.redenoticia.com.br\/noticia\/wp-json\/wp\/v2\/tags?post=197605"}],"curies":[{"name":"wp","href":"https:\/\/api.w.org\/{rel}","templated":true}]}}