{"id":197661,"date":"2020-09-06T18:10:51","date_gmt":"2020-09-06T21:10:51","guid":{"rendered":"https:\/\/www.redenoticia.com.br\/noticia\/?p=197661"},"modified":"2020-09-06T18:10:51","modified_gmt":"2020-09-06T21:10:51","slug":"resumo-fina-estampa-07-09-chiara-falece-nos-bracos-de-vilma","status":"publish","type":"post","link":"https:\/\/migracao.redenoticia.com.br\/noticia\/2020\/resumo-fina-estampa-07-09-chiara-falece-nos-bracos-de-vilma\/197661","title":{"rendered":"Resumo \u201cFina Estampa\u201d 07\/09: Chiara falece nos bra\u00e7os de Vilma"},"content":{"rendered":"<p> <img loading=\"lazy\" decoding=\"async\" class=\"aligncenter size-full wp-image-195869\" src=\"https:\/\/migracao.redenoticia.com.br\/noticia\/imagens\/fina-estampa-antenor-patricia.jpg\" alt=\"\" width=\"1280\" height=\"720\" srcset=\"https:\/\/migracao.redenoticia.com.br\/noticia\/imagens\/fina-estampa-antenor-patricia.jpg 1280w, https:\/\/migracao.redenoticia.com.br\/noticia\/imagens\/fina-estampa-antenor-patricia-250x140.jpg 250w, https:\/\/migracao.redenoticia.com.br\/noticia\/imagens\/fina-estampa-antenor-patricia-400x225.jpg 400w, https:\/\/migracao.redenoticia.com.br\/noticia\/imagens\/fina-estampa-antenor-patricia-768x432.jpg 768w, https:\/\/migracao.redenoticia.com.br\/noticia\/imagens\/fina-estampa-antenor-patricia-150x85.jpg 150w, https:\/\/migracao.redenoticia.com.br\/noticia\/imagens\/fina-estampa-antenor-patricia-696x392.jpg 696w, https:\/\/migracao.redenoticia.com.br\/noticia\/imagens\/fina-estampa-antenor-patricia-1068x601.jpg 1068w\" sizes=\"auto, (max-width: 1280px) 100vw, 1280px\" \/><\/p>\n<p><em><strong>Resumo da novela \u201cFina Estampa\u201d<\/strong><\/em> em 07\/09: no cap\u00edtulo 145(*) da novela, Celina protesta por n\u00e3o poder assistir \u00e0 audi\u00eancia de Danielle. Baltazar critica Cr\u00f4 por acreditar que ele estava acompanhado na noite anterior. Zambeze reclama da presen\u00e7a de Tereza Cristina na pousada. Guaracy flagra Ren\u00e9 falando com Griselda sobre o tempo em que estavam juntos. Chiara se despede de Juan Guilherme e F\u00e1bio e segue com Vilma para o hospital. Griselda comenta com Am\u00e1lia que Ren\u00e9 ainda defende Tereza Cristina.<\/p>\n<p>Esther agradece a Paulo por cuidar de Victoria. \u00cdris pensa em revelar para Tereza Cristina o verdadeiro segredo sobre sua vida. Chiara falece nos bra\u00e7os de Vilma. Griselda reclama por Guaracy n\u00e3o deix\u00e1-la falar com Ren\u00e9. Teodora se revolta ao saber que n\u00e3o pode viajar com Quinzinho. Danielle pede para falar antes que seja anunciada sua senten\u00e7a. Tereza Cristina surpreende Pereirinha parado diante de seu cofre vazio.<\/p>\n<p>(*) edi\u00e7\u00e3o das novelas da Globo, \u201cFina Estampa\u201d, sujeito a altera\u00e7\u00e3o de data e conte\u00fado.<\/p>\n<p>Sinopse \u201cFina Estampa\u201d: A vi\u00fava Griselda, conhecida como Pereir\u00e3o, trabalha como faz-tudo para sustentar seus tr\u00eas filhos. J\u00e1 Tereza Cristina \u00e9 uma socialite que acredita ter a vida perfeita. Seus destinos se cruzam por acaso e tudo muda quando Griselda ganha 30 milh\u00f5es. <\/p>\n","protected":false},"excerpt":{"rendered":"<p>Resumo da novela \u201cFina Estampa\u201d em 07\/09: no cap\u00edtulo 145(*) da novela, Celina protesta por n\u00e3o poder assistir \u00e0 audi\u00eancia de Danielle. Baltazar critica Cr\u00f4 por acreditar que ele estava acompanhado na noite anterior. Zambeze reclama da presen\u00e7a de Tereza Cristina na pousada. Guaracy flagra Ren\u00e9 falando com Griselda sobre o tempo em que estavam [&hellip;]<\/p>\n","protected":false},"author":2,"featured_media":197367,"comment_status":"closed","ping_status":"closed","sticky":false,"template":"","format":"standard","meta":{"tdm_status":"","tdm_grid_status":"","footnotes":""},"categories":[555,379,375,2025,343],"tags":[441],"class_list":{"0":"post-197661","1":"post","2":"type-post","3":"status-publish","4":"format-standard","5":"has-post-thumbnail","7":"category-fina-estampa","8":"category-novelas","9":"category-rede-globo","10":"category-resumo","11":"category-televisao","12":"tag-resumo-do-dia"},"_links":{"self":[{"href":"https:\/\/migracao.redenoticia.com.br\/noticia\/wp-json\/wp\/v2\/posts\/197661","targetHints":{"allow":["GET"]}}],"collection":[{"href":"https:\/\/migracao.redenoticia.com.br\/noticia\/wp-json\/wp\/v2\/posts"}],"about":[{"href":"https:\/\/migracao.redenoticia.com.br\/noticia\/wp-json\/wp\/v2\/types\/post"}],"author":[{"embeddable":true,"href":"https:\/\/migracao.redenoticia.com.br\/noticia\/wp-json\/wp\/v2\/users\/2"}],"replies":[{"embeddable":true,"href":"https:\/\/migracao.redenoticia.com.br\/noticia\/wp-json\/wp\/v2\/comments?post=197661"}],"version-history":[{"count":0,"href":"https:\/\/migracao.redenoticia.com.br\/noticia\/wp-json\/wp\/v2\/posts\/197661\/revisions"}],"wp:featuredmedia":[{"embeddable":true,"href":"https:\/\/migracao.redenoticia.com.br\/noticia\/wp-json\/wp\/v2\/media\/197367"}],"wp:attachment":[{"href":"https:\/\/migracao.redenoticia.com.br\/noticia\/wp-json\/wp\/v2\/media?parent=197661"}],"wp:term":[{"taxonomy":"category","embeddable":true,"href":"https:\/\/migracao.redenoticia.com.br\/noticia\/wp-json\/wp\/v2\/categories?post=197661"},{"taxonomy":"post_tag","embeddable":true,"href":"https:\/\/migracao.redenoticia.com.br\/noticia\/wp-json\/wp\/v2\/tags?post=197661"}],"curies":[{"name":"wp","href":"https:\/\/api.w.org\/{rel}","templated":true}]}}