{"id":197667,"date":"2020-09-06T18:06:23","date_gmt":"2020-09-06T21:06:23","guid":{"rendered":"https:\/\/www.redenoticia.com.br\/noticia\/?p=197667"},"modified":"2020-09-06T18:06:23","modified_gmt":"2020-09-06T21:06:23","slug":"resumo-chiquititas-07-09-leticia-sente-forte-dor-de-cabeca-e-preocupa-clarita","status":"publish","type":"post","link":"https:\/\/migracao.redenoticia.com.br\/noticia\/2020\/resumo-chiquititas-07-09-leticia-sente-forte-dor-de-cabeca-e-preocupa-clarita\/197667","title":{"rendered":"Resumo \u201cChiquititas\u201d 07\/09: Let\u00edcia sente forte dor de cabe\u00e7a e preocupa Clarita"},"content":{"rendered":"<p> <img loading=\"lazy\" decoding=\"async\" class=\"aligncenter size-full wp-image-195897\" src=\"https:\/\/migracao.redenoticia.com.br\/noticia\/imagens\/chiquititas-resumo-sinopse.jpg\" alt=\"\" width=\"1280\" height=\"720\" srcset=\"https:\/\/migracao.redenoticia.com.br\/noticia\/imagens\/chiquititas-resumo-sinopse.jpg 1280w, https:\/\/migracao.redenoticia.com.br\/noticia\/imagens\/chiquititas-resumo-sinopse-250x140.jpg 250w, https:\/\/migracao.redenoticia.com.br\/noticia\/imagens\/chiquititas-resumo-sinopse-400x225.jpg 400w, https:\/\/migracao.redenoticia.com.br\/noticia\/imagens\/chiquititas-resumo-sinopse-768x432.jpg 768w, https:\/\/migracao.redenoticia.com.br\/noticia\/imagens\/chiquititas-resumo-sinopse-150x85.jpg 150w, https:\/\/migracao.redenoticia.com.br\/noticia\/imagens\/chiquititas-resumo-sinopse-696x392.jpg 696w, https:\/\/migracao.redenoticia.com.br\/noticia\/imagens\/chiquititas-resumo-sinopse-1068x601.jpg 1068w\" sizes=\"auto, (max-width: 1280px) 100vw, 1280px\" \/><\/p>\n<p><strong><em>Resumo da novela \u201cChiquititas\u201d<\/em><\/strong> em 07\/09: no cap\u00edtulo 051(*) da novela, Rafa tem uma ideia e conta pras Chiquititas. Na festa, Junior e Carol levam Gabi at\u00e9 a sala. Carmen chama Junior de canto e pergunta por que a levou at\u00e9 l\u00e1. Junior diz que ela tem o direito de participar e que ele n\u00e3o sente vergonha da irm\u00e3. Carmen diz que tem certeza que isso \u00e9 ideia de Carol, que responde que est\u00e1 apenas tentando ajudar. Maria Cec\u00edlia diz para Eduarda, Cintia e Jos\u00e9 Ricardo, que seu namorado, Tom\u00e1s Ferraz, deve estar para chegar. Tobias escuta e vai se arrumar. Mosca explica como ser\u00e1 colocado em pratica o plano pra conter o roubo no orfanato.<\/p>\n<p>As crian\u00e7as colocam o plano em a\u00e7\u00e3o e em todas as entradas do orfanato colocam armadilhas. Na parte de fora, Pa\u00e7oca decide entrar no orfanato pela janela dos quartos com um de seus amigos. Os outros dois garotos entraram pela porta dos fundos. Na festa da mans\u00e3o dos Almeida Campos, Tom\u00e1s Ferraz chega e \u00e9 apresentado pra Jos\u00e9 Ricardo. O empres\u00e1rio diz que o rosto dele \u00e9 familiar (trata-se de Tobias disfar\u00e7ado de Tom\u00e1s Ferraz). Eduarda fala que teve a mesma sensa\u00e7\u00e3o, mas que deve ter sido de alguma revista. No orfanato, um dos meninos se desequilibra na escada e cai em cima de Pa\u00e7oca. Nos fundos, um dos garotos tentar entrar pela cozinha, mas quando abre \u00e0 porta um balde de brigadeiro cai sobre ele.<\/p>\n<p>Mosca e Rafa aproveitam a situa\u00e7\u00e3o e d\u00e3o uma panelada na cabe\u00e7a do ladr\u00e3o, que cai no ch\u00e3o. Binho e as meninas interrogam esse menino pra saber onde est\u00e1 Ernestina. O cr\u00edtico Rui Salgado (Daniel Morozetti) que premiou o orfanato chega \u00e0 festa. Let\u00edcia sente uma forte dor de cabe\u00e7a e preocupa Clarita. No orfanato, um dos meninos de rua consegue entrar, s\u00f3 que rola escada abaixo dentro do orfanato com as bolinhas que as meninas aviam deixado nos degraus. As meninas aproveitam e lhe prendem. E assim acontece com os demais, menos Pa\u00e7oca que ainda est\u00e1 do lado de fora. Tobias est\u00e1 sofrendo pra mandar a dupla identidade.<\/p>\n<p>Como Tom\u00e1s Ferraz ele diz pra Eduarda que em breve lan\u00e7ar\u00e1 um novo clipe. No orfanato, finalmente as crian\u00e7as avistam Ernestina pela janela e decidem ir resgat\u00e1-la. Binho e Rafa levam Ernestina enquanto Mosca vai enfrentar Pa\u00e7oca na frente do orfanato. Os dois brigam e Pa\u00e7oca joga terra nos olhos de Mosca. Rafa e Binho aparecem pra ajudar o amigo. Pa\u00e7oca \u00e9 imobilizado no Ch\u00e3o. Mosca aproveita para pegar de volta seu t\u00eanis, que Pa\u00e7oca estava vestindo. Pa\u00e7oca consegue fugir. Ernestina chama a policia que leva os outros tr\u00eas ladr\u00f5es mirins presos. Chico, Carol, Junior e a diretora Carmen voltam ao orfanato e ficam preocupados ao saber de todo o ocorrido.<\/p>\n<p>Mais tarde, na casa de Carol, Tobias combina com a amiga, Beto e Clarita sobre a grava\u00e7\u00e3o do videoclipe de Tom\u00e1s Ferraz. Na manh\u00e3 seguinte, Carmen leva uma empresa de seguran\u00e7a pra instalar alarmes, grades nas janelas e cercas el\u00e9tricas no orfanato. Junior busca Mili no orfanato e a leva pra ver Gabi. No caminho, os dois conversam sobre Duda. Junior explica que o garoto \u00e9 muito sozinho e sempre \u00e9 deixado pela m\u00e3e, que est\u00e1 em constantes viagens a trabalho. Mili n\u00e3o sabia disso e fica com do garoto.<\/p>\n<p>(*) edi\u00e7\u00e3o das novelas do SBT, \u201cChiquititas\u201d, sujeito a altera\u00e7\u00e3o de data e conte\u00fado. <\/p>\n","protected":false},"excerpt":{"rendered":"<p>Resumo da novela \u201cChiquititas\u201d em 07\/09: no cap\u00edtulo 051(*) da novela, Rafa tem uma ideia e conta pras Chiquititas. Na festa, Junior e Carol levam Gabi at\u00e9 a sala. Carmen chama Junior de canto e pergunta por que a levou at\u00e9 l\u00e1. Junior diz que ela tem o direito de participar e que ele n\u00e3o [&hellip;]<\/p>\n","protected":false},"author":2,"featured_media":195894,"comment_status":"closed","ping_status":"closed","sticky":false,"template":"","format":"standard","meta":{"tdm_status":"","tdm_grid_status":"","footnotes":""},"categories":[409,379,2025,372,343],"tags":[441],"class_list":{"0":"post-197667","1":"post","2":"type-post","3":"status-publish","4":"format-standard","5":"has-post-thumbnail","7":"category-chiquititas","8":"category-novelas","9":"category-resumo","10":"category-sbt","11":"category-televisao","12":"tag-resumo-do-dia"},"_links":{"self":[{"href":"https:\/\/migracao.redenoticia.com.br\/noticia\/wp-json\/wp\/v2\/posts\/197667","targetHints":{"allow":["GET"]}}],"collection":[{"href":"https:\/\/migracao.redenoticia.com.br\/noticia\/wp-json\/wp\/v2\/posts"}],"about":[{"href":"https:\/\/migracao.redenoticia.com.br\/noticia\/wp-json\/wp\/v2\/types\/post"}],"author":[{"embeddable":true,"href":"https:\/\/migracao.redenoticia.com.br\/noticia\/wp-json\/wp\/v2\/users\/2"}],"replies":[{"embeddable":true,"href":"https:\/\/migracao.redenoticia.com.br\/noticia\/wp-json\/wp\/v2\/comments?post=197667"}],"version-history":[{"count":0,"href":"https:\/\/migracao.redenoticia.com.br\/noticia\/wp-json\/wp\/v2\/posts\/197667\/revisions"}],"wp:featuredmedia":[{"embeddable":true,"href":"https:\/\/migracao.redenoticia.com.br\/noticia\/wp-json\/wp\/v2\/media\/195894"}],"wp:attachment":[{"href":"https:\/\/migracao.redenoticia.com.br\/noticia\/wp-json\/wp\/v2\/media?parent=197667"}],"wp:term":[{"taxonomy":"category","embeddable":true,"href":"https:\/\/migracao.redenoticia.com.br\/noticia\/wp-json\/wp\/v2\/categories?post=197667"},{"taxonomy":"post_tag","embeddable":true,"href":"https:\/\/migracao.redenoticia.com.br\/noticia\/wp-json\/wp\/v2\/tags?post=197667"}],"curies":[{"name":"wp","href":"https:\/\/api.w.org\/{rel}","templated":true}]}}