{"id":197692,"date":"2020-09-07T15:03:19","date_gmt":"2020-09-07T18:03:19","guid":{"rendered":"https:\/\/www.redenoticia.com.br\/noticia\/?p=197692"},"modified":"2020-09-07T15:03:19","modified_gmt":"2020-09-07T18:03:19","slug":"resumo-fina-estampa-08-09-teodora-avisa-a-quinze-que-vai-embora","status":"publish","type":"post","link":"https:\/\/migracao.redenoticia.com.br\/noticia\/2020\/resumo-fina-estampa-08-09-teodora-avisa-a-quinze-que-vai-embora\/197692","title":{"rendered":"Resumo \u201cFina Estampa\u201d 08\/09: Teodora avisa a Quinz\u00e9 que vai embora"},"content":{"rendered":"<p> <img loading=\"lazy\" decoding=\"async\" class=\"aligncenter size-full wp-image-195869\" src=\"https:\/\/migracao.redenoticia.com.br\/noticia\/imagens\/fina-estampa-antenor-patricia.jpg\" alt=\"\" width=\"1280\" height=\"720\" srcset=\"https:\/\/migracao.redenoticia.com.br\/noticia\/imagens\/fina-estampa-antenor-patricia.jpg 1280w, https:\/\/migracao.redenoticia.com.br\/noticia\/imagens\/fina-estampa-antenor-patricia-250x140.jpg 250w, https:\/\/migracao.redenoticia.com.br\/noticia\/imagens\/fina-estampa-antenor-patricia-400x225.jpg 400w, https:\/\/migracao.redenoticia.com.br\/noticia\/imagens\/fina-estampa-antenor-patricia-768x432.jpg 768w, https:\/\/migracao.redenoticia.com.br\/noticia\/imagens\/fina-estampa-antenor-patricia-150x85.jpg 150w, https:\/\/migracao.redenoticia.com.br\/noticia\/imagens\/fina-estampa-antenor-patricia-696x392.jpg 696w, https:\/\/migracao.redenoticia.com.br\/noticia\/imagens\/fina-estampa-antenor-patricia-1068x601.jpg 1068w\" sizes=\"auto, (max-width: 1280px) 100vw, 1280px\" \/><\/p>\n<p><em><strong>Resumo da novela \u201cFina Estampa\u201d<\/strong><\/em> em 08\/09: no cap\u00edtulo 146(*) da novela, Pereirinha afirma a Tereza Cristina que n\u00e3o foi o autor do roubo. Marilda acusa \u00cdris de ter roubado sua patroa. Danielle tenta convencer os conselheiros e o juiz de que n\u00e3o cometeu nenhum erro m\u00e9dico. Tereza Cristina insinua que Marilda a roubou e a empregada amea\u00e7a contar para pol\u00edcia tudo o que sabe sobre a vil\u00e3. Ren\u00e9 fala no Brasileir\u00edssimo sobre o tiro que levou. Patr\u00edcia avisa \u00e0 m\u00e3e que ela e o irm\u00e3o v\u00e3o morar com Griselda.<\/p>\n<p>O delegado Paredes intercepta uma liga\u00e7\u00e3o entre Ferdinand e Tereza Cristina. \u00cdris e Alice compram um caminh\u00e3o. Diploma de Danielle \u00e9 cassado. Griselda reclama de Deborah para Gigante. Teodora avisa a Quinz\u00e9 que vai embora e pede para ficar um dia com Quinzinho. Marilda se amedronta quando Tereza Cristina pede para ficar sozinha com ela na mans\u00e3o. A loira misteriosa tenta falar com Ferdinand. Griselda encontra Teodora aos prantos.<\/p>\n<p>(*) edi\u00e7\u00e3o das novelas da Globo, \u201cFina Estampa\u201d, sujeito a altera\u00e7\u00e3o de data e conte\u00fado.<\/p>\n<p>Sinopse \u201cFina Estampa\u201d: A vi\u00fava Griselda, conhecida como Pereir\u00e3o, trabalha como faz-tudo para sustentar seus tr\u00eas filhos. J\u00e1 Tereza Cristina \u00e9 uma socialite que acredita ter a vida perfeita. Seus destinos se cruzam por acaso e tudo muda quando Griselda ganha 30 milh\u00f5es. <\/p>\n","protected":false},"excerpt":{"rendered":"<p>Resumo da novela \u201cFina Estampa\u201d em 08\/09: no cap\u00edtulo 146(*) da novela, Pereirinha afirma a Tereza Cristina que n\u00e3o foi o autor do roubo. Marilda acusa \u00cdris de ter roubado sua patroa. Danielle tenta convencer os conselheiros e o juiz de que n\u00e3o cometeu nenhum erro m\u00e9dico. Tereza Cristina insinua que Marilda a roubou e [&hellip;]<\/p>\n","protected":false},"author":2,"featured_media":197367,"comment_status":"closed","ping_status":"closed","sticky":false,"template":"","format":"standard","meta":{"tdm_status":"","tdm_grid_status":"","footnotes":""},"categories":[555,379,375,2025,343],"tags":[441],"class_list":{"0":"post-197692","1":"post","2":"type-post","3":"status-publish","4":"format-standard","5":"has-post-thumbnail","7":"category-fina-estampa","8":"category-novelas","9":"category-rede-globo","10":"category-resumo","11":"category-televisao","12":"tag-resumo-do-dia"},"_links":{"self":[{"href":"https:\/\/migracao.redenoticia.com.br\/noticia\/wp-json\/wp\/v2\/posts\/197692","targetHints":{"allow":["GET"]}}],"collection":[{"href":"https:\/\/migracao.redenoticia.com.br\/noticia\/wp-json\/wp\/v2\/posts"}],"about":[{"href":"https:\/\/migracao.redenoticia.com.br\/noticia\/wp-json\/wp\/v2\/types\/post"}],"author":[{"embeddable":true,"href":"https:\/\/migracao.redenoticia.com.br\/noticia\/wp-json\/wp\/v2\/users\/2"}],"replies":[{"embeddable":true,"href":"https:\/\/migracao.redenoticia.com.br\/noticia\/wp-json\/wp\/v2\/comments?post=197692"}],"version-history":[{"count":0,"href":"https:\/\/migracao.redenoticia.com.br\/noticia\/wp-json\/wp\/v2\/posts\/197692\/revisions"}],"wp:featuredmedia":[{"embeddable":true,"href":"https:\/\/migracao.redenoticia.com.br\/noticia\/wp-json\/wp\/v2\/media\/197367"}],"wp:attachment":[{"href":"https:\/\/migracao.redenoticia.com.br\/noticia\/wp-json\/wp\/v2\/media?parent=197692"}],"wp:term":[{"taxonomy":"category","embeddable":true,"href":"https:\/\/migracao.redenoticia.com.br\/noticia\/wp-json\/wp\/v2\/categories?post=197692"},{"taxonomy":"post_tag","embeddable":true,"href":"https:\/\/migracao.redenoticia.com.br\/noticia\/wp-json\/wp\/v2\/tags?post=197692"}],"curies":[{"name":"wp","href":"https:\/\/api.w.org\/{rel}","templated":true}]}}