{"id":197711,"date":"2020-09-07T14:55:20","date_gmt":"2020-09-07T17:55:20","guid":{"rendered":"https:\/\/www.redenoticia.com.br\/noticia\/?p=197711"},"modified":"2020-09-07T14:55:20","modified_gmt":"2020-09-07T17:55:20","slug":"resumo-o-que-a-vida-me-roubou-08-09-jose-luis-tenta-seduzir-montserrat","status":"publish","type":"post","link":"https:\/\/migracao.redenoticia.com.br\/noticia\/2020\/resumo-o-que-a-vida-me-roubou-08-09-jose-luis-tenta-seduzir-montserrat\/197711","title":{"rendered":"Resumo \u201cO Que A Vida Me Roubou\u201d 08\/09: Jose Lu\u00eds tenta seduzir Montserrat"},"content":{"rendered":"<p> <img loading=\"lazy\" decoding=\"async\" class=\"aligncenter size-full wp-image-195880\" src=\"https:\/\/migracao.redenoticia.com.br\/noticia\/imagens\/o-que-a-vida-me-roubou-resumo-sinopse.jpg\" alt=\"\" width=\"1280\" height=\"720\" srcset=\"https:\/\/migracao.redenoticia.com.br\/noticia\/imagens\/o-que-a-vida-me-roubou-resumo-sinopse.jpg 1280w, https:\/\/migracao.redenoticia.com.br\/noticia\/imagens\/o-que-a-vida-me-roubou-resumo-sinopse-250x140.jpg 250w, https:\/\/migracao.redenoticia.com.br\/noticia\/imagens\/o-que-a-vida-me-roubou-resumo-sinopse-400x225.jpg 400w, https:\/\/migracao.redenoticia.com.br\/noticia\/imagens\/o-que-a-vida-me-roubou-resumo-sinopse-768x432.jpg 768w, https:\/\/migracao.redenoticia.com.br\/noticia\/imagens\/o-que-a-vida-me-roubou-resumo-sinopse-150x85.jpg 150w, https:\/\/migracao.redenoticia.com.br\/noticia\/imagens\/o-que-a-vida-me-roubou-resumo-sinopse-696x392.jpg 696w, https:\/\/migracao.redenoticia.com.br\/noticia\/imagens\/o-que-a-vida-me-roubou-resumo-sinopse-1068x601.jpg 1068w\" sizes=\"auto, (max-width: 1280px) 100vw, 1280px\" \/><\/p>\n<p><strong><em>Resumo da novela \u201cO Que A Vida Me Roubou\u201d<\/em><\/strong> em 08\/09: no cap\u00edtulo 102(*) da novela, Sandro diz a Pedro que quer saber o que aconteceu com Alessandro. Pedro diz que Alessandro, assim como N\u00e1dia e Victor, sobreviveu ao acidente na aeronave e est\u00e1 em coma em um hospital. Sandro o diz que talvez ele j\u00e1 tenha despertado e esteja em \u00c1gua Azul, assim como Maria. Pedro responde que h\u00e1 algum tempo atr\u00e1s deu ordens expressas a Adolfo para acabar com Maria. <\/p>\n<p>Sandro questiona se ele tem certeza que Adolfo cumpriu essa ordem. Pedro responde que sim. Sandro pergunta a Pedro se destru\u00edram o testamento original, porque a ningu\u00e9m conv\u00e9m que Alessandro recupere a fortuna que lhe roubaram. Pedro responde que tem tudo sob controle, e que Adolfo jamais o trairia. Victor diz a Montserrat que Alessandro tinha medo de ser um completo estranho para Laurinho, mas o menino reagiu bem.<\/p>\n<p>Laurinho pede a Alessandro que n\u00e3o volte a partir. Ele tamb\u00e9m pede a Montserrat que tire uma foto dele com seu pai, para mostrar para seus amigos na escola. Pedro diz a Adolfo que sabe que ele est\u00e1 saindo com Josefina e pergunta se a ama. Adolfo responde que sua vida pessoal n\u00e3o o interessa. Pedro responde que ele se engana, pois al\u00e9m de seu amigo, \u00e9 sua m\u00e3o direita, e se descobrir que est\u00e1 o traindo acabar\u00e1 com sua vida e de sua amada Josefina. <\/p>\n<p>Adolfo diz a Maria que Alessandro n\u00e3o demorar\u00e1 em procur\u00e1-la e deve ser cautelosa, pois se Pedro suspeitar que ela esteja viva a mata em seguida. Jose Lu\u00eds tenta seduzir Montserrat, mas ela o rejeita. Maria fica feliz ao ver Alessandro. Ele diz que Adolfo o disse que ela tinha seu verdadeiro testamento. Maria confirma e diz que o dar\u00e1 em troca de uma noite de amor com ele.<\/p>\n<p>(*) edi\u00e7\u00e3o das novelas do SBT, \u201cO Que A Vida Me Roubou\u201d, sujeito a altera\u00e7\u00e3o de data e conte\u00fado.<\/p>\n<p>Sinopse \u201cO Que A Vida Me Roubou\u201d: A hist\u00f3ria se passa em \u00c1gua Azul, onde Montserrat vive. Montserrat \u00e9 uma bela jovem socialite que sempre foi dominada por sua m\u00e3e Graziela, cuja \u00fanica preocupa\u00e7\u00e3o \u00e9 o seu elevado estatuto na sociedade, mesmo que a fam\u00edlia esteja financeiramente arruinada. Montserrat, apesar de fazer tudo o que sua m\u00e3e diz-lhe, secretamente mant\u00e9m um relacionamento com Jos\u00e9 Luis da marinha, com quem planeja se casar.<\/p>\n","protected":false},"excerpt":{"rendered":"<p>Resumo da novela \u201cO Que A Vida Me Roubou\u201d em 08\/09: no cap\u00edtulo 102(*) da novela, Sandro diz a Pedro que quer saber o que aconteceu com Alessandro. Pedro diz que Alessandro, assim como N\u00e1dia e Victor, sobreviveu ao acidente na aeronave e est\u00e1 em coma em um hospital. Sandro o diz que talvez ele [&hellip;]<\/p>\n","protected":false},"author":2,"featured_media":197370,"comment_status":"closed","ping_status":"closed","sticky":false,"template":"","format":"standard","meta":{"tdm_status":"","tdm_grid_status":"","footnotes":""},"categories":[2025,372,343],"tags":[441],"class_list":{"0":"post-197711","1":"post","2":"type-post","3":"status-publish","4":"format-standard","5":"has-post-thumbnail","7":"category-resumo","8":"category-sbt","9":"category-televisao","10":"tag-resumo-do-dia"},"_links":{"self":[{"href":"https:\/\/migracao.redenoticia.com.br\/noticia\/wp-json\/wp\/v2\/posts\/197711","targetHints":{"allow":["GET"]}}],"collection":[{"href":"https:\/\/migracao.redenoticia.com.br\/noticia\/wp-json\/wp\/v2\/posts"}],"about":[{"href":"https:\/\/migracao.redenoticia.com.br\/noticia\/wp-json\/wp\/v2\/types\/post"}],"author":[{"embeddable":true,"href":"https:\/\/migracao.redenoticia.com.br\/noticia\/wp-json\/wp\/v2\/users\/2"}],"replies":[{"embeddable":true,"href":"https:\/\/migracao.redenoticia.com.br\/noticia\/wp-json\/wp\/v2\/comments?post=197711"}],"version-history":[{"count":0,"href":"https:\/\/migracao.redenoticia.com.br\/noticia\/wp-json\/wp\/v2\/posts\/197711\/revisions"}],"wp:featuredmedia":[{"embeddable":true,"href":"https:\/\/migracao.redenoticia.com.br\/noticia\/wp-json\/wp\/v2\/media\/197370"}],"wp:attachment":[{"href":"https:\/\/migracao.redenoticia.com.br\/noticia\/wp-json\/wp\/v2\/media?parent=197711"}],"wp:term":[{"taxonomy":"category","embeddable":true,"href":"https:\/\/migracao.redenoticia.com.br\/noticia\/wp-json\/wp\/v2\/categories?post=197711"},{"taxonomy":"post_tag","embeddable":true,"href":"https:\/\/migracao.redenoticia.com.br\/noticia\/wp-json\/wp\/v2\/tags?post=197711"}],"curies":[{"name":"wp","href":"https:\/\/api.w.org\/{rel}","templated":true}]}}