{"id":197774,"date":"2020-12-10T22:30:21","date_gmt":"2020-12-11T01:30:21","guid":{"rendered":"https:\/\/www.redenoticia.com.br\/noticia\/?p=197774"},"modified":"2020-12-10T22:33:45","modified_gmt":"2020-12-11T01:33:45","slug":"a-fazenda-12-2020-jakelyne-vence-a-primeira-prova-do-fazendeiro","status":"publish","type":"post","link":"https:\/\/migracao.redenoticia.com.br\/noticia\/2020\/a-fazenda-12-2020-jakelyne-vence-a-primeira-prova-do-fazendeiro\/197774","title":{"rendered":"&#8220;A Fazenda&#8221; 12 (2020): St\u00e9fani vence a d\u00e9cima quarta e \u00faltima prova do Fazendeiro"},"content":{"rendered":"<p><img loading=\"lazy\" decoding=\"async\" class=\"aligncenter size-full wp-image-195946\" src=\"https:\/\/migracao.redenoticia.com.br\/noticia\/imagens\/a-fazenda-record-enquete-roca-fazendeiro.jpg\" alt=\"\" width=\"1280\" height=\"720\" srcset=\"https:\/\/migracao.redenoticia.com.br\/noticia\/imagens\/a-fazenda-record-enquete-roca-fazendeiro.jpg 1280w, https:\/\/migracao.redenoticia.com.br\/noticia\/imagens\/a-fazenda-record-enquete-roca-fazendeiro-250x140.jpg 250w, https:\/\/migracao.redenoticia.com.br\/noticia\/imagens\/a-fazenda-record-enquete-roca-fazendeiro-400x225.jpg 400w, https:\/\/migracao.redenoticia.com.br\/noticia\/imagens\/a-fazenda-record-enquete-roca-fazendeiro-768x432.jpg 768w, https:\/\/migracao.redenoticia.com.br\/noticia\/imagens\/a-fazenda-record-enquete-roca-fazendeiro-150x85.jpg 150w, https:\/\/migracao.redenoticia.com.br\/noticia\/imagens\/a-fazenda-record-enquete-roca-fazendeiro-696x392.jpg 696w, https:\/\/migracao.redenoticia.com.br\/noticia\/imagens\/a-fazenda-record-enquete-roca-fazendeiro-1068x601.jpg 1068w\" sizes=\"auto, (max-width: 1280px) 100vw, 1280px\" \/><\/p>\n<h4>&#8220;A Fazenda&#8221; 12 D\u00e9cima quarta e \u00faltima prova do Fazendeiro<\/h4>\n<p>Ap\u00f3s a vota\u00e7\u00e3o, Joj\u00f4, Lipe e St\u00e9fani foram escaladas para a disputa do cargo mais importante da semana. Os roceiros tiveram que superar um circuito de obst\u00e1culos para quebrar os c\u00edrculos dos advers\u00e1rios. A prova foi suspensa por mais de 3 horas para revis\u00e3o. Os pe\u00f5es voltaram para o campo de prova, St\u00e9fani venceu a disputa e se tornou a d\u00e9cima quarta fazendeira da temporada.<\/p>\n<h4>Pode interessar<\/h4>\n<p><a href=\"https:\/\/migracao.redenoticia.com.br\/noticia\/2020\/a-fazenda-12-roca-votacao-em-jojo-lipe-mariano-e-stefani-movimenta-a-enquete\/201245\">\u201cA Fazenda\u201d 12 ro\u00e7a: vota\u00e7\u00e3o em Joj\u00f4, Lipe e Mariano movimentou a enquete<\/a><\/p>\n<h4>&#8220;A Fazenda&#8221; 12 D\u00e9cima terceira prova do Fazendeiro<\/h4>\n<p>Ap\u00f3s a vota\u00e7\u00e3o, Jakelyne, Joj\u00f4 e Lidi foram escaladas para a disputa do cargo mais importante da semana. As roceiras tiveram que superar um circuito de obst\u00e1culos com agilidade. Lidi venceu a disputa e se tornou a d\u00e9cima terceira fazendeira da temporada.<\/p>\n<h4>&#8220;A Fazenda&#8221; 12 D\u00e9cima segunda prova do Fazendeiro<\/h4>\n<p>Ap\u00f3s a vota\u00e7\u00e3o, Lidi, Mateus e Raissa foram escalados para a disputa do cargo mais importante da semana. Os roceiros tiveram que arremessar bolas para formar uma frase do patrocinador. Mateus venceu a disputa e se tornou o d\u00e9cimo segundo fazendeiro da temporada.<\/p>\n<h4>&#8220;A Fazenda&#8221; 12 D\u00e9cima primeira prova do Fazendeiro<\/h4>\n<p>Ap\u00f3s a vota\u00e7\u00e3o, Jojo, Mateus e St\u00e9fani foram escaladas para a disputa do cargo mais importante da semana. Os roceiros tiveram que arremessar bolas em paineis para abrirem letras e formarem uma frase do patrocinador. Jojo venceu a disputa e se tornou a d\u00e9cima primeira fazendeira da temporada.<\/p>\n<h4>&#8220;A Fazenda&#8221; 12 D\u00e9cima prova do Fazendeiro<\/h4>\n<p>Ap\u00f3s a vota\u00e7\u00e3o, Jakelyne, Jojo e Raissa foram escaladas para a disputa do cargo mais importante da semana. As roceiras tiveram que memorizar a sequ\u00eancia de produtos e remontar a disposi\u00e7\u00e3o deles em uma bancada. O exerc\u00edcio foi repetido 24 vezes. Jakelyne venceu a disputa e se tornou a d\u00e9cima fazendeira da temporada.<\/p>\n<h4>&#8220;A Fazenda&#8221; 12 Nona prova do Fazendeiro<\/h4>\n<p>Ap\u00f3s a vota\u00e7\u00e3o, Biel, Mateus e Tays foram escalados para a disputa do cargo mais importante da semana. Os roceiros tiveram que vencer um circuito de obst\u00e1culos para liberar a bandeira do fazendeiro. Biel venceu a disputa e se tornou o nono fazendeiro da temporada.<\/p>\n<h4>&#8220;A Fazenda&#8221; 12 Oitava prova do Fazendeiro<\/h4>\n<p>Ap\u00f3s a vota\u00e7\u00e3o, Jakelyne, Lipe e Raissa foram escalados para a disputa do cargo mais importante da semana. A produ\u00e7\u00e3o analisou a atitude de Biel, considerou que ele passou uma mensagem sobre o poder da Chama Vermelha para Vict\u00f3ria e anulou a troca da peoa. Tays voltou para a ro\u00e7a no lugar de Ra\u00edssa.<\/p>\n<p>Jakelyne, Lipe e Tays disputaram a prova do Fazendeiro nesta quarta-feira, 28\/10. Os roceiros jogaram bolas em uma esp\u00e9cie de roleta e acumularam pontos. Jakelyne venceu a disputa e se tornou a oitava fazendeira da temporada. Na tarde do dia 29\/10, a Record suspendeu a vota\u00e7\u00e3o da Ro\u00e7a e o resultado desta prova. &#8220;A Record vem a p\u00fablico informar que constatou um equ\u00edvoco no resultado da prova do fazendeiro realizada ontem, dia 28\/10. Infelizmente, esta falha comprometeu a forma\u00e7\u00e3o da ro\u00e7a e a escolha do fazendeiro. Diante disso, decidimos suspender a vota\u00e7\u00e3o&#8221;, disse a emissora em nota. A prova do Fazendeiro foi refeita, Jakelyne venceu a disputa e se tornou a oitava fazendeira da temporada.<\/p>\n<h4>&#8220;A Fazenda&#8221; 12 S\u00e9tima prova do Fazendeiro<\/h4>\n<p>Ap\u00f3s a vota\u00e7\u00e3o, Juliano, Mateus e Mirella foram escalados para a disputa do cargo mais importante da semana. Os roceiros tiveram que acertar bolas em caixas. Juliano venceu a disputa e se tornou o s\u00e9timo fazendeiro da temporada.<\/p>\n<h4>&#8220;A Fazenda&#8221; 12 Sexta prova do Fazendeiro<\/h4>\n<p>Ap\u00f3s a vota\u00e7\u00e3o, Carol, Mariano e Tays foram escalados para a disputa do cargo mais importante da semana. Os roceiros tiveram que encher baldes com tintas de cabelo. Mariano venceu a disputa e se tornou o sexto fazendeiro da temporada.<\/p>\n<h4>&#8220;A Fazenda&#8221; 12 Quinta prova do Fazendeiro<\/h4>\n<p>Ap\u00f3s a vota\u00e7\u00e3o, Biel, Cartolouco e Luiza foram escalados para a disputa do cargo mais importante da semana. Os roceiros tiveram que acertar as respostas sobre os competidores, respondidas pelos pe\u00f5es da sede. Luiza venceu a disputa e se tornou a quinta fazendeira da temporada.<\/p>\n<h4>&#8220;A Fazenda&#8221; 12 Quarta prova do Fazendeiro<\/h4>\n<p>Ap\u00f3s a vota\u00e7\u00e3o, Biel, Juliano e Rodrigo foram escalados para a disputa do cargo mais importante da semana. Os pe\u00f5es tiveram que superar uma pista de obst\u00e1culos para obter pe\u00e7as e montar um quebra cabe\u00e7a. Juliano foi mais r\u00e1pido, venceu a disputa e se tornou o quarto fazendeiro da temporada.<\/p>\n<h4>&#8220;A Fazenda&#8221; 12 Terceira prova do Fazendeiro<\/h4>\n<p>Ap\u00f3s a vota\u00e7\u00e3o, Carol, Lidi e JP foram escalados para a disputa do cargo mais importante da semana. Os pe\u00f5es tiveram que encher baldes com caldo de cana. Carol foi mais r\u00e1pida, venceu a disputa e se tornou a terceira fazendeira da temporada.<\/p>\n<h4>&#8220;A Fazenda&#8221; 12 Segunda prova do Fazendeiro<\/h4>\n<p>Ap\u00f3s a primeira vota\u00e7\u00e3o, Cartolouco, Fernandinho e Rodrigo foram escalados para a disputa do cargo mais importante da semana. Vendados, os pe\u00f5es tiveram que pegar 6 pe\u00e7as em um labirinto e montar um quebra cabe\u00e7a. Rodrigo foi mais r\u00e1pido, venceu a disputa e se tornou o segundo fazendeiro da temporada.<\/p>\n<h4>&#8220;A Fazenda&#8221; 12 Primeira prova do Fazendeiro<\/h4>\n<p>Os pe\u00f5es votaram para escolher quatro participantes para a baia: Rodrigo, Biel, JP e Cartolouco. O grupo ficou fora da primeira prova para escolha do Fazendeiro da semana, que aconteceu nesta quarta (09). Os outros 16 participantes escolheram cadeiras numeradas. Por ordem de sorteio, eles tiveram que escolher um advers\u00e1rio para ser eliminado, no caso do jogador acertar a bola no alvo: um buraco da mesa. V\u00e1rios participantes erraram a jogada e foram eliminados no lugar do advers\u00e1rio escolhido.<\/p>\n<p>Ap\u00f3s a din\u00e2mica, quatro mulheres conquistaram uma vaga na disputa pelo cargo de Fazendeira da semana: Jakelyne, Mirella, Carol e Luiza.<\/p>\n<p>Na prova do Fazendeiro as competidoras tiveram que acertar alvos com bolas, em duelos disputados sobre uma plataforma girat\u00f3ria. Jakelyne venceu a disputa e se torna a primeira Fazendeira da temporada &#8220;A Fazenda&#8221; 12.<\/p>\n<h4>Conhe\u00e7a todos os participantes de &#8220;A Fazenda&#8221; 12<\/h4>\n<p>Biel, cantor;<br \/>\nCarol (Narizinho), modelo e digital influencer;<br \/>\nCartolouco, jornalista e publicit\u00e1rio;<br \/>\nFernandinho (Beatbox), m\u00fasico e produtor musical;<br \/>\nJakelyne (Oliveira), modelo e digital influencer;<br \/>\nJojo (Todynho), cantora e digital influencer;<br \/>\nJP Gad\u00ealha, bombeiro bilitar e ex The Circle;<br \/>\nJuliano (Ceglia), apresentador e jornalista;<br \/>\nLidi (Lisboa), atriz;<br \/>\nLipe (Ribeiro), digital influencer;<br \/>\nLucas (Maciel), apresentador e criador de conte\u00fado;<br \/>\nLuiza (Ambiel), atriz e jornalista;<br \/>\nMariano, cantor e empres\u00e1rio;<br \/>\nMateus (Carrieri), ator e professor de educa\u00e7\u00e3o f\u00edsica;<br \/>\nMC Mirella, cantora e digital influencer;<br \/>\nRaissa (Barbosa), modelo;<br \/>\nRodrigo (Moraes), midia man e apresentador;<br \/>\nSt\u00e9fani (Bays); digital influencer;<br \/>\nTays (Reis), cantora e compositora;<br \/>\nVict\u00f3ria (Villarim), modelo e bailarina.<\/p>\n","protected":false},"excerpt":{"rendered":"<p>&#8220;A Fazenda&#8221; 12 D\u00e9cima quarta e \u00faltima prova do Fazendeiro Ap\u00f3s a vota\u00e7\u00e3o, Joj\u00f4, Lipe e St\u00e9fani foram escaladas para a disputa do cargo mais importante da semana. Os roceiros tiveram que superar um circuito de obst\u00e1culos para quebrar os c\u00edrculos dos advers\u00e1rios. A prova foi suspensa por mais de 3 horas para revis\u00e3o. Os [&hellip;]<\/p>\n","protected":false},"author":2,"featured_media":195947,"comment_status":"closed","ping_status":"closed","sticky":false,"template":"","format":"standard","meta":{"tdm_status":"","tdm_grid_status":"","footnotes":""},"categories":[406,22,371,343],"tags":[523],"class_list":{"0":"post-197774","1":"post","2":"type-post","3":"status-publish","4":"format-standard","5":"has-post-thumbnail","7":"category-a-fazenda","8":"category-brasil","9":"category-rede-record","10":"category-televisao","11":"tag-variedades"},"_links":{"self":[{"href":"https:\/\/migracao.redenoticia.com.br\/noticia\/wp-json\/wp\/v2\/posts\/197774","targetHints":{"allow":["GET"]}}],"collection":[{"href":"https:\/\/migracao.redenoticia.com.br\/noticia\/wp-json\/wp\/v2\/posts"}],"about":[{"href":"https:\/\/migracao.redenoticia.com.br\/noticia\/wp-json\/wp\/v2\/types\/post"}],"author":[{"embeddable":true,"href":"https:\/\/migracao.redenoticia.com.br\/noticia\/wp-json\/wp\/v2\/users\/2"}],"replies":[{"embeddable":true,"href":"https:\/\/migracao.redenoticia.com.br\/noticia\/wp-json\/wp\/v2\/comments?post=197774"}],"version-history":[{"count":0,"href":"https:\/\/migracao.redenoticia.com.br\/noticia\/wp-json\/wp\/v2\/posts\/197774\/revisions"}],"wp:featuredmedia":[{"embeddable":true,"href":"https:\/\/migracao.redenoticia.com.br\/noticia\/wp-json\/wp\/v2\/media\/195947"}],"wp:attachment":[{"href":"https:\/\/migracao.redenoticia.com.br\/noticia\/wp-json\/wp\/v2\/media?parent=197774"}],"wp:term":[{"taxonomy":"category","embeddable":true,"href":"https:\/\/migracao.redenoticia.com.br\/noticia\/wp-json\/wp\/v2\/categories?post=197774"},{"taxonomy":"post_tag","embeddable":true,"href":"https:\/\/migracao.redenoticia.com.br\/noticia\/wp-json\/wp\/v2\/tags?post=197774"}],"curies":[{"name":"wp","href":"https:\/\/api.w.org\/{rel}","templated":true}]}}