{"id":197797,"date":"2020-09-10T08:56:40","date_gmt":"2020-09-10T11:56:40","guid":{"rendered":"https:\/\/www.redenoticia.com.br\/noticia\/?p=197797"},"modified":"2020-09-10T08:57:09","modified_gmt":"2020-09-10T11:57:09","slug":"resumo-o-que-a-vida-me-roubou-10-09-jose-luis-compra-a-casa-de-montserrat","status":"publish","type":"post","link":"https:\/\/migracao.redenoticia.com.br\/noticia\/2020\/resumo-o-que-a-vida-me-roubou-10-09-jose-luis-compra-a-casa-de-montserrat\/197797","title":{"rendered":"Resumo \u201cO Que A Vida Me Roubou\u201d 10\/09: Jos\u00e9 Lu\u00eds compra a casa de Montserrat"},"content":{"rendered":"<p> <img loading=\"lazy\" decoding=\"async\" class=\"aligncenter size-full wp-image-195880\" src=\"https:\/\/migracao.redenoticia.com.br\/noticia\/imagens\/o-que-a-vida-me-roubou-resumo-sinopse.jpg\" alt=\"\" width=\"1280\" height=\"720\" srcset=\"https:\/\/migracao.redenoticia.com.br\/noticia\/imagens\/o-que-a-vida-me-roubou-resumo-sinopse.jpg 1280w, https:\/\/migracao.redenoticia.com.br\/noticia\/imagens\/o-que-a-vida-me-roubou-resumo-sinopse-250x140.jpg 250w, https:\/\/migracao.redenoticia.com.br\/noticia\/imagens\/o-que-a-vida-me-roubou-resumo-sinopse-400x225.jpg 400w, https:\/\/migracao.redenoticia.com.br\/noticia\/imagens\/o-que-a-vida-me-roubou-resumo-sinopse-768x432.jpg 768w, https:\/\/migracao.redenoticia.com.br\/noticia\/imagens\/o-que-a-vida-me-roubou-resumo-sinopse-150x85.jpg 150w, https:\/\/migracao.redenoticia.com.br\/noticia\/imagens\/o-que-a-vida-me-roubou-resumo-sinopse-696x392.jpg 696w, https:\/\/migracao.redenoticia.com.br\/noticia\/imagens\/o-que-a-vida-me-roubou-resumo-sinopse-1068x601.jpg 1068w\" sizes=\"auto, (max-width: 1280px) 100vw, 1280px\" \/><\/p>\n<p><strong><em>Resumo da novela \u201cO Que A Vida Me Roubou\u201d<\/em><\/strong> em 10\/09: no cap\u00edtulo 000(*) da novela, Esmeralda diz a Renato que deseja o div\u00f3rcio. Renato, surpreso, responde que n\u00e3o o dar\u00e1. Esmeralda diz que nem ela, muito menos seu filho, o importam, por isso o que ela est\u00e1 fazendo \u00e9 apenas abrir a porta para que a mulher perfeita possa aparecer. Renato confessa que esteve interessado em outra mulher, e n\u00e3o a disse por acreditar que iria perd\u00ea-la. Ele diz que continua a amando e lhe pede perd\u00e3o. Esmeralda responde que n\u00e3o. Sandro diz a Graziela que Fab\u00edola e Pedro roubaram o testamento de Alessandro e o substitu\u00edram por um falso. Ela o diz que se conseguisse esse testamento o agradeceria demais, pois poderia controlar Alessandro conforme sua vontade. Graziela tenta lhe enganar dizendo que Alessandro est\u00e1 morto, mas Sandro n\u00e3o acredita, pois sabe da verdade. Esmeralda diz a Renato que acha que a mulher que lhe interessava era M\u00f4nica.<\/p>\n<p>Renato responde que n\u00e3o. Montserrat diz a Alessandro que Jos\u00e9 Lu\u00eds \u00e9 a pessoa que vai comprar sua casa. Alessandro conta a Montserrat sobre a exig\u00eancia de Maria. Montserrat diz a Maria que Alessandro \u00e9 dela. Renato chega a sua casa com uma serenata para Esmeralda. Renato diz que n\u00e3o ir\u00e1 embora, porque a ama e seu lugar \u00e9 com ela e seu filho. Dem\u00e9trio pede a sua m\u00e3e que respeite sua vida, assim como ele respeita a dela, e n\u00e3o quer que ela volte a amolar M\u00f4nica. Renato e Dem\u00e9trio prop\u00f5em matrim\u00f4nio a Esmeralda e M\u00f4nica, respectivamente. Jos\u00e9 Lu\u00eds compra a casa de Montserrat e a diz que seu maior desejo \u00e9 que ela volte a am\u00e1-lo. Montserrat responde que tamb\u00e9m deseja muitas coisas. Entre elas, o div\u00f3rcio. Ele n\u00e3o aceita. <\/p>\n<p>(*) edi\u00e7\u00e3o das novelas do SBT, \u201cO Que A Vida Me Roubou\u201d, sujeito a altera\u00e7\u00e3o de data e conte\u00fado.<\/p>\n<p>Sinopse \u201cO Que A Vida Me Roubou\u201d: A hist\u00f3ria se passa em \u00c1gua Azul, onde Montserrat vive. Montserrat \u00e9 uma bela jovem socialite que sempre foi dominada por sua m\u00e3e Graziela, cuja \u00fanica preocupa\u00e7\u00e3o \u00e9 o seu elevado estatuto na sociedade, mesmo que a fam\u00edlia esteja financeiramente arruinada. Montserrat, apesar de fazer tudo o que sua m\u00e3e diz-lhe, secretamente mant\u00e9m um relacionamento com Jos\u00e9 Luis da marinha, com quem planeja se casar.<\/p>\n","protected":false},"excerpt":{"rendered":"<p>Resumo da novela \u201cO Que A Vida Me Roubou\u201d em 10\/09: no cap\u00edtulo 000(*) da novela, Esmeralda diz a Renato que deseja o div\u00f3rcio. Renato, surpreso, responde que n\u00e3o o dar\u00e1. Esmeralda diz que nem ela, muito menos seu filho, o importam, por isso o que ela est\u00e1 fazendo \u00e9 apenas abrir a porta para [&hellip;]<\/p>\n","protected":false},"author":2,"featured_media":197370,"comment_status":"closed","ping_status":"closed","sticky":false,"template":"","format":"standard","meta":{"tdm_status":"","tdm_grid_status":"","footnotes":""},"categories":[379,2025,372,343],"tags":[441],"class_list":{"0":"post-197797","1":"post","2":"type-post","3":"status-publish","4":"format-standard","5":"has-post-thumbnail","7":"category-novelas","8":"category-resumo","9":"category-sbt","10":"category-televisao","11":"tag-resumo-do-dia"},"_links":{"self":[{"href":"https:\/\/migracao.redenoticia.com.br\/noticia\/wp-json\/wp\/v2\/posts\/197797","targetHints":{"allow":["GET"]}}],"collection":[{"href":"https:\/\/migracao.redenoticia.com.br\/noticia\/wp-json\/wp\/v2\/posts"}],"about":[{"href":"https:\/\/migracao.redenoticia.com.br\/noticia\/wp-json\/wp\/v2\/types\/post"}],"author":[{"embeddable":true,"href":"https:\/\/migracao.redenoticia.com.br\/noticia\/wp-json\/wp\/v2\/users\/2"}],"replies":[{"embeddable":true,"href":"https:\/\/migracao.redenoticia.com.br\/noticia\/wp-json\/wp\/v2\/comments?post=197797"}],"version-history":[{"count":0,"href":"https:\/\/migracao.redenoticia.com.br\/noticia\/wp-json\/wp\/v2\/posts\/197797\/revisions"}],"wp:featuredmedia":[{"embeddable":true,"href":"https:\/\/migracao.redenoticia.com.br\/noticia\/wp-json\/wp\/v2\/media\/197370"}],"wp:attachment":[{"href":"https:\/\/migracao.redenoticia.com.br\/noticia\/wp-json\/wp\/v2\/media?parent=197797"}],"wp:term":[{"taxonomy":"category","embeddable":true,"href":"https:\/\/migracao.redenoticia.com.br\/noticia\/wp-json\/wp\/v2\/categories?post=197797"},{"taxonomy":"post_tag","embeddable":true,"href":"https:\/\/migracao.redenoticia.com.br\/noticia\/wp-json\/wp\/v2\/tags?post=197797"}],"curies":[{"name":"wp","href":"https:\/\/api.w.org\/{rel}","templated":true}]}}