{"id":197920,"date":"2020-09-14T14:04:54","date_gmt":"2020-09-14T17:04:54","guid":{"rendered":"https:\/\/www.redenoticia.com.br\/noticia\/?p=197920"},"modified":"2020-09-14T14:04:54","modified_gmt":"2020-09-14T17:04:54","slug":"resumo-quando-me-apaixono-15-09-jeronimo-acusa-renata-de-ser-a-a-bonita","status":"publish","type":"post","link":"https:\/\/migracao.redenoticia.com.br\/noticia\/2020\/resumo-quando-me-apaixono-15-09-jeronimo-acusa-renata-de-ser-a-a-bonita\/197920","title":{"rendered":"Resumo \u201cQuando me Apaixono\u201d 15\/09: Jer\u00f4nimo acusa Renata de ser a A Bonita"},"content":{"rendered":"<p><img loading=\"lazy\" decoding=\"async\" class=\"aligncenter size-full wp-image-195889\" src=\"https:\/\/migracao.redenoticia.com.br\/noticia\/imagens\/quando-me-apaixono-elenco.jpg\" alt=\"\" width=\"1280\" height=\"720\" srcset=\"https:\/\/migracao.redenoticia.com.br\/noticia\/imagens\/quando-me-apaixono-elenco.jpg 1280w, https:\/\/migracao.redenoticia.com.br\/noticia\/imagens\/quando-me-apaixono-elenco-250x140.jpg 250w, https:\/\/migracao.redenoticia.com.br\/noticia\/imagens\/quando-me-apaixono-elenco-400x225.jpg 400w, https:\/\/migracao.redenoticia.com.br\/noticia\/imagens\/quando-me-apaixono-elenco-768x432.jpg 768w, https:\/\/migracao.redenoticia.com.br\/noticia\/imagens\/quando-me-apaixono-elenco-150x85.jpg 150w, https:\/\/migracao.redenoticia.com.br\/noticia\/imagens\/quando-me-apaixono-elenco-696x392.jpg 696w, https:\/\/migracao.redenoticia.com.br\/noticia\/imagens\/quando-me-apaixono-elenco-1068x601.jpg 1068w\" sizes=\"auto, (max-width: 1280px) 100vw, 1280px\" \/><\/p>\n<p><strong><em>Resumo da novela \u201cQuando me Apaixono\u201d<\/em><\/strong> em 15\/09: no cap\u00edtulo 042(*) da novela, Sober\u00f3n liga para o detetive e eles decidem aumentar a seguran\u00e7a de Regina, pois sua vida est\u00e1 em perigo. Matilde encontra a foto em que aparecem Renata e Roberta, &#8220;percebe&#8221; que a esposa de seu patr\u00e3o \u00e9 a &#8220;assassina&#8221; de Rafael e enfrenta Carlos e Jer\u00f4nimo, por ele ter se casado com ela.<\/p>\n<p>Renata se sente muito sozinha e manda um e-mail para Adriana, contando tudo o que aconteceu com ela, inclusive o acidente, ent\u00e3o sua melhor amiga decide viajar para encontr\u00e1-la. Augusto convida Renata para passear pelos vinhedos, ela fica muito triste e eles se abra\u00e7am, sem saberem que, naquele momento, Jer\u00f4nimo os est\u00e1 vendo. Jer\u00f4nimo se aproxima e a acusa de ser a A Bonita. Ele conta que ela se relacionou com o irm\u00e3o dele, depois com o Matias, com ele e agora com o Augusto. Ela d\u00e1 um tapa no marido e diz a ele para n\u00e3o insult\u00e1-la. Ele a acusa de estar atr\u00e1s de seu dinheiro. Renata diz que o odeia e que ele precisa ir embora. Augusto expulsa Jer\u00f4nimo de sua fazenda.<\/p>\n<p>Gon\u00e7alo e Matias concordam em ir a &#8216;Cruz de Amor&#8217; e preparam tudo para a viagem. Gon\u00e7alo diz a Fina que ele e Matias v\u00e3o fazer uma pequena viagem de neg\u00f3cios. Roberta exige que Matias volte logo para ajudar com as coisas do casamento. Matias diz para ela tomar todas as decis\u00f5es sem ele.<\/p>\n<p>Gon\u00e7alo diz a Fina que quer que o Dr. Zuinaga venha v\u00ea-la. Fina congela, ele diz que a quer sob supervis\u00e3o m\u00e9dica o tempo todo e designa Roberta para providenciar o agendamento. Fina fica preocupada.<\/p>\n<p>(*) edi\u00e7\u00e3o das novelas do SBT, \u201cQuando me Apaixono \u201d, sujeito a altera\u00e7\u00e3o de data e conte\u00fado.<\/p>\n<p>Sinopse \u201cQuando me Apaixono\u201d: A hist\u00f3ria come\u00e7a com o nascimento de duas meninas, Regina e Roberta; ambas s\u00e3o filhas de Roberto Gamba (Sebasti\u00e1n Rulli), mas de m\u00e3es diferentes. Enquanto Regina \u00e9 filha de Regina Sober\u00f3n Gamba (Lidia \u00c1vila\/Julieta Rosen), a esposa leg\u00edtima de Roberto, Roberta \u00e9 filha de Josefina &#8220;Pepa&#8221; \u00c1lvarez Mart\u00ednez (Margarita Maga\u00f1a\/Roc\u00edo Banquells), a amante de Roberto.<\/p>\n<p>Quando Roberto diz a Pepa que n\u00e3o vai deixar sua esposa e sua filha Regina, aquela, cheia de raiva depois de causar a morte de Roberto, decide raptar a filha de Regina para se vingar dela e faz\u00ea-la sofrer. Pepa muda o nome de Regina para Renata e foge com as duas meninas, deixando Regina despeda\u00e7ada pela perda de sua filha.<\/p>\n","protected":false},"excerpt":{"rendered":"<p>Resumo da novela \u201cQuando me Apaixono\u201d em 15\/09: no cap\u00edtulo 042(*) da novela, Sober\u00f3n liga para o detetive e eles decidem aumentar a seguran\u00e7a de Regina, pois sua vida est\u00e1 em perigo. Matilde encontra a foto em que aparecem Renata e Roberta, &#8220;percebe&#8221; que a esposa de seu patr\u00e3o \u00e9 a &#8220;assassina&#8221; de Rafael e [&hellip;]<\/p>\n","protected":false},"author":4,"featured_media":195893,"comment_status":"closed","ping_status":"closed","sticky":false,"template":"","format":"standard","meta":{"tdm_status":"","tdm_grid_status":"","footnotes":""},"categories":[379,2028,2025,372,343],"tags":[441],"class_list":{"0":"post-197920","1":"post","2":"type-post","3":"status-publish","4":"format-standard","5":"has-post-thumbnail","7":"category-novelas","8":"category-quando-me-apaixono","9":"category-resumo","10":"category-sbt","11":"category-televisao","12":"tag-resumo-do-dia"},"_links":{"self":[{"href":"https:\/\/migracao.redenoticia.com.br\/noticia\/wp-json\/wp\/v2\/posts\/197920","targetHints":{"allow":["GET"]}}],"collection":[{"href":"https:\/\/migracao.redenoticia.com.br\/noticia\/wp-json\/wp\/v2\/posts"}],"about":[{"href":"https:\/\/migracao.redenoticia.com.br\/noticia\/wp-json\/wp\/v2\/types\/post"}],"author":[{"embeddable":true,"href":"https:\/\/migracao.redenoticia.com.br\/noticia\/wp-json\/wp\/v2\/users\/4"}],"replies":[{"embeddable":true,"href":"https:\/\/migracao.redenoticia.com.br\/noticia\/wp-json\/wp\/v2\/comments?post=197920"}],"version-history":[{"count":0,"href":"https:\/\/migracao.redenoticia.com.br\/noticia\/wp-json\/wp\/v2\/posts\/197920\/revisions"}],"wp:featuredmedia":[{"embeddable":true,"href":"https:\/\/migracao.redenoticia.com.br\/noticia\/wp-json\/wp\/v2\/media\/195893"}],"wp:attachment":[{"href":"https:\/\/migracao.redenoticia.com.br\/noticia\/wp-json\/wp\/v2\/media?parent=197920"}],"wp:term":[{"taxonomy":"category","embeddable":true,"href":"https:\/\/migracao.redenoticia.com.br\/noticia\/wp-json\/wp\/v2\/categories?post=197920"},{"taxonomy":"post_tag","embeddable":true,"href":"https:\/\/migracao.redenoticia.com.br\/noticia\/wp-json\/wp\/v2\/tags?post=197920"}],"curies":[{"name":"wp","href":"https:\/\/api.w.org\/{rel}","templated":true}]}}