{"id":197932,"date":"2020-09-14T14:12:38","date_gmt":"2020-09-14T17:12:38","guid":{"rendered":"https:\/\/www.redenoticia.com.br\/noticia\/?p=197932"},"modified":"2020-09-14T14:12:38","modified_gmt":"2020-09-14T17:12:38","slug":"resumo-malhacao-viva-a-diferenca-15-09-ellen-decide-enfrentar-os-alunos-do-grupo","status":"publish","type":"post","link":"https:\/\/migracao.redenoticia.com.br\/noticia\/2020\/resumo-malhacao-viva-a-diferenca-15-09-ellen-decide-enfrentar-os-alunos-do-grupo\/197932","title":{"rendered":"Resumo \u201cMalha\u00e7\u00e3o\u201d Viva a Diferen\u00e7a 15\/09: Ellen decide enfrentar os alunos do Grupo"},"content":{"rendered":"<p><img loading=\"lazy\" decoding=\"async\" class=\"aligncenter size-full wp-image-197361\" src=\"https:\/\/migracao.redenoticia.com.br\/noticia\/imagens\/malhacao-viva-a-diferenca-elenco-protagonistas.jpg\" alt=\"\" width=\"1280\" height=\"720\" srcset=\"https:\/\/migracao.redenoticia.com.br\/noticia\/imagens\/malhacao-viva-a-diferenca-elenco-protagonistas.jpg 1280w, https:\/\/migracao.redenoticia.com.br\/noticia\/imagens\/malhacao-viva-a-diferenca-elenco-protagonistas-250x140.jpg 250w, https:\/\/migracao.redenoticia.com.br\/noticia\/imagens\/malhacao-viva-a-diferenca-elenco-protagonistas-400x225.jpg 400w, https:\/\/migracao.redenoticia.com.br\/noticia\/imagens\/malhacao-viva-a-diferenca-elenco-protagonistas-768x432.jpg 768w, https:\/\/migracao.redenoticia.com.br\/noticia\/imagens\/malhacao-viva-a-diferenca-elenco-protagonistas-150x85.jpg 150w\" sizes=\"auto, (max-width: 1280px) 100vw, 1280px\" \/><\/p>\n<p><em><strong>Resumo da novela \u201cMalha\u00e7\u00e3o\u201d Viva a Diferen\u00e7a<\/strong><\/em> em 15\/09: no cap\u00edtulo 116(*) da novela, Jota, Tina e Lica defendem Ellen e afastam dela os alunos agressores. Roney e Deco explicam que, para trocar o registro de Tonico, Tato precisar\u00e1 fazer um exame de DNA. B\u00f3ris questiona sua decis\u00e3o de deixar o col\u00e9gio, e D\u00f3ris o apoia. Clara cobra uma atitude de Malu quanto ao trote sofrido por Ellen. MB convida K1 para viajar. Das Dores e as meninas confortam Ellen. Keyla se preocupa com a tristeza de Tato por causa do registro de Tonico. Ellen confessa a Ben\u00ea que n\u00e3o sabe se quer continuar no Col\u00e9gio Grupo. Edgar conversa com Mal\u00fa sobre o caso de Ellen. Lica se incomoda ao ver Lu\u00eds em sua casa. Clara discute com Malu. Ellen decide enfrentar os alunos do Grupo. Lica vai \u00e0 uma festa com MB, sem a permiss\u00e3o de Marta.<\/p>\n<p>(*) edi\u00e7\u00e3o das novelas da Globo, \u201cMalha\u00e7\u00e3o\u201d Viva a Diferen\u00e7a, sujeito a altera\u00e7\u00e3o de data e conte\u00fado.<\/p>\n<p>Sinopse \u201cMalha\u00e7\u00e3o\u201d Viva a Diferen\u00e7a: No vibrante e ca\u00f3tico universo de S\u00e3o Paulo, Keyla (Gabriela Medvedovski), Ben\u00ea (Daphne Bozaski), Tina (Ana Hikari), Lica (Manoela Aliperti) e Ellen (Heslaine Vieira), cinco adolescentes que n\u00e3o se conheciam, se veem presas sozinhas no mesmo vag\u00e3o de metr\u00f4 por obra do acaso durante uma pane em um dia chuvoso. Como se n\u00e3o bastasse a tens\u00e3o natural da situa\u00e7\u00e3o, Keyla entra em trabalho de parto e elas se unem em solidariedade para ajud\u00e1-la no nascimento do beb\u00ea mesmo sem recursos dispon\u00edveis no local, criando um v\u00ednculo de amizade entre cinco garotas com backgrounds e personalidades completamente diferentes.<\/p>\n","protected":false},"excerpt":{"rendered":"<p>Resumo da novela \u201cMalha\u00e7\u00e3o\u201d Viva a Diferen\u00e7a em 15\/09: no cap\u00edtulo 116(*) da novela, Jota, Tina e Lica defendem Ellen e afastam dela os alunos agressores. Roney e Deco explicam que, para trocar o registro de Tonico, Tato precisar\u00e1 fazer um exame de DNA. B\u00f3ris questiona sua decis\u00e3o de deixar o col\u00e9gio, e D\u00f3ris o [&hellip;]<\/p>\n","protected":false},"author":4,"featured_media":197368,"comment_status":"closed","ping_status":"closed","sticky":false,"template":"","format":"standard","meta":{"tdm_status":"","tdm_grid_status":"","footnotes":""},"categories":[447,379,375,2025,343],"tags":[441],"class_list":{"0":"post-197932","1":"post","2":"type-post","3":"status-publish","4":"format-standard","5":"has-post-thumbnail","7":"category-malhacao","8":"category-novelas","9":"category-rede-globo","10":"category-resumo","11":"category-televisao","12":"tag-resumo-do-dia"},"_links":{"self":[{"href":"https:\/\/migracao.redenoticia.com.br\/noticia\/wp-json\/wp\/v2\/posts\/197932","targetHints":{"allow":["GET"]}}],"collection":[{"href":"https:\/\/migracao.redenoticia.com.br\/noticia\/wp-json\/wp\/v2\/posts"}],"about":[{"href":"https:\/\/migracao.redenoticia.com.br\/noticia\/wp-json\/wp\/v2\/types\/post"}],"author":[{"embeddable":true,"href":"https:\/\/migracao.redenoticia.com.br\/noticia\/wp-json\/wp\/v2\/users\/4"}],"replies":[{"embeddable":true,"href":"https:\/\/migracao.redenoticia.com.br\/noticia\/wp-json\/wp\/v2\/comments?post=197932"}],"version-history":[{"count":0,"href":"https:\/\/migracao.redenoticia.com.br\/noticia\/wp-json\/wp\/v2\/posts\/197932\/revisions"}],"wp:featuredmedia":[{"embeddable":true,"href":"https:\/\/migracao.redenoticia.com.br\/noticia\/wp-json\/wp\/v2\/media\/197368"}],"wp:attachment":[{"href":"https:\/\/migracao.redenoticia.com.br\/noticia\/wp-json\/wp\/v2\/media?parent=197932"}],"wp:term":[{"taxonomy":"category","embeddable":true,"href":"https:\/\/migracao.redenoticia.com.br\/noticia\/wp-json\/wp\/v2\/categories?post=197932"},{"taxonomy":"post_tag","embeddable":true,"href":"https:\/\/migracao.redenoticia.com.br\/noticia\/wp-json\/wp\/v2\/tags?post=197932"}],"curies":[{"name":"wp","href":"https:\/\/api.w.org\/{rel}","templated":true}]}}