{"id":197937,"date":"2020-09-14T14:14:40","date_gmt":"2020-09-14T17:14:40","guid":{"rendered":"https:\/\/www.redenoticia.com.br\/noticia\/?p=197937"},"modified":"2020-09-14T14:14:40","modified_gmt":"2020-09-14T17:14:40","slug":"resumo-totalmente-demais-15-09-eliza-resolve-processar-carolina","status":"publish","type":"post","link":"https:\/\/migracao.redenoticia.com.br\/noticia\/2020\/resumo-totalmente-demais-15-09-eliza-resolve-processar-carolina\/197937","title":{"rendered":"Resumo \u201cTotalmente Demais\u201d 15\/09: Eliza resolve processar Carolina"},"content":{"rendered":"<p><img loading=\"lazy\" decoding=\"async\" class=\"aligncenter size-full wp-image-195457\" src=\"https:\/\/migracao.redenoticia.com.br\/noticia\/imagens\/totalmente-demais-eliza-arthur-carol-jonatas.jpg\" alt=\"\" width=\"1280\" height=\"720\" srcset=\"https:\/\/migracao.redenoticia.com.br\/noticia\/imagens\/totalmente-demais-eliza-arthur-carol-jonatas.jpg 1280w, https:\/\/migracao.redenoticia.com.br\/noticia\/imagens\/totalmente-demais-eliza-arthur-carol-jonatas-250x140.jpg 250w, https:\/\/migracao.redenoticia.com.br\/noticia\/imagens\/totalmente-demais-eliza-arthur-carol-jonatas-400x225.jpg 400w, https:\/\/migracao.redenoticia.com.br\/noticia\/imagens\/totalmente-demais-eliza-arthur-carol-jonatas-768x432.jpg 768w, https:\/\/migracao.redenoticia.com.br\/noticia\/imagens\/totalmente-demais-eliza-arthur-carol-jonatas-150x85.jpg 150w, https:\/\/migracao.redenoticia.com.br\/noticia\/imagens\/totalmente-demais-eliza-arthur-carol-jonatas-696x392.jpg 696w, https:\/\/migracao.redenoticia.com.br\/noticia\/imagens\/totalmente-demais-eliza-arthur-carol-jonatas-1068x601.jpg 1068w\" sizes=\"auto, (max-width: 1280px) 100vw, 1280px\" \/><\/p>\n<p><em><strong>Resumo da novela \u201cTotalmente Demais\u201d<\/strong><\/em> em 15\/09: no cap\u00edtulo 146(*) da novela, Hugo faz uma lista de exig\u00eancias para Carolina se manter no emprego. Wesley volta a treinar. Carolina n\u00e3o demite Lu e decide marcar reuni\u00e3o com Leila. Cassandra fica radiante ao se ver na capa da revista. Wesley sai desanimado do primeiro dia de treino. Germano enfrenta Rafael e Leila o defende. Germano humilha Rafael e o fot\u00f3grafo se explica. Wesley diz a Ros\u00e2ngela que se saiu mal durante o treino.<\/p>\n<p>Carolina pede perd\u00e3o a Germano. Montanha e Ros\u00e2ngela conversam sobre a situa\u00e7\u00e3o de Wesley. Carolina pede desculpa para Leila e oferece trabalho para a jornalista. Leila entrevista Carolina e consegue mais uma prova de sua inoc\u00eancia.<\/p>\n<p>Maurice tenta levantar o astral de Arthur. Hugo conta a Gilda que Carol vai conversar com Eliza. Arthur se irrita com atitude de Maurice. Carolina procura Eliza no Flor do L\u00e1cio. Eliza d\u00e1 o troco em Carolina e avisa que vai process\u00e1-la. Carolina chega em casa arrasada e Dorinha a consola. Jonatas liga para Eliza e ela avisa que vai conversar com Arthur. Hugo sugere a Gilda que os dois fiquem juntos. Eliza visita Arthur e pede para conversar.<\/p>\n<p>(*) edi\u00e7\u00e3o das novelas da Globo, \u201cTotalmente Demais\u201d, sujeito a altera\u00e7\u00e3o de data e conte\u00fado.<\/p>\n<p>Sinopse \u201cTotalmente Demais\u201d: Eliza (Marina Ruy Barbosa) \u00e9 uma jovem de 18 anos que foge de casa, em Campo Claro, cidade fict\u00edcia do interior fluminense, ap\u00f3s ser assediada por parte do seu padrasto Dino (Paulo Rocha). Ela n\u00e3o conheceu o pai, e sua m\u00e3e, Gilda (Leona Cavalli), diz que ele era um caminhoneiro que foi embora nas estradas. O sonho dela \u00e9 conhecer esse pai e tirar a fam\u00edlia da situa\u00e7\u00e3o dif\u00edcil em que vivem. A m\u00e3e se casou com o Dino e teve mais dois filhos.<\/p>\n<p>Quando Eliza era crian\u00e7a, se dava bem com Dino, mas depois que cresceu come\u00e7ou a bater muito de frente com o padrasto. Assim que ela chega ao Rio de Janeiro, ela vai para uma pens\u00e3o, mas \u00e9 roubada. Sem op\u00e7\u00e3o, a jovem passa a morar nas ruas, e conhece Jonatas (Felipe Simas), que vende balas nos sem\u00e1foros da Lapa para ajudar sua fam\u00edlia, que vive na zona oeste da capital fluminense.<\/p>\n","protected":false},"excerpt":{"rendered":"<p>Resumo da novela \u201cTotalmente Demais\u201d em 15\/09: no cap\u00edtulo 146(*) da novela, Hugo faz uma lista de exig\u00eancias para Carolina se manter no emprego. Wesley volta a treinar. Carolina n\u00e3o demite Lu e decide marcar reuni\u00e3o com Leila. Cassandra fica radiante ao se ver na capa da revista. Wesley sai desanimado do primeiro dia de [&hellip;]<\/p>\n","protected":false},"author":4,"featured_media":197369,"comment_status":"closed","ping_status":"closed","sticky":false,"template":"","format":"standard","meta":{"tdm_status":"","tdm_grid_status":"","footnotes":""},"categories":[379,375,2025,343,556],"tags":[441],"class_list":{"0":"post-197937","1":"post","2":"type-post","3":"status-publish","4":"format-standard","5":"has-post-thumbnail","7":"category-novelas","8":"category-rede-globo","9":"category-resumo","10":"category-televisao","11":"category-totalmente-demais","12":"tag-resumo-do-dia"},"_links":{"self":[{"href":"https:\/\/migracao.redenoticia.com.br\/noticia\/wp-json\/wp\/v2\/posts\/197937","targetHints":{"allow":["GET"]}}],"collection":[{"href":"https:\/\/migracao.redenoticia.com.br\/noticia\/wp-json\/wp\/v2\/posts"}],"about":[{"href":"https:\/\/migracao.redenoticia.com.br\/noticia\/wp-json\/wp\/v2\/types\/post"}],"author":[{"embeddable":true,"href":"https:\/\/migracao.redenoticia.com.br\/noticia\/wp-json\/wp\/v2\/users\/4"}],"replies":[{"embeddable":true,"href":"https:\/\/migracao.redenoticia.com.br\/noticia\/wp-json\/wp\/v2\/comments?post=197937"}],"version-history":[{"count":0,"href":"https:\/\/migracao.redenoticia.com.br\/noticia\/wp-json\/wp\/v2\/posts\/197937\/revisions"}],"wp:featuredmedia":[{"embeddable":true,"href":"https:\/\/migracao.redenoticia.com.br\/noticia\/wp-json\/wp\/v2\/media\/197369"}],"wp:attachment":[{"href":"https:\/\/migracao.redenoticia.com.br\/noticia\/wp-json\/wp\/v2\/media?parent=197937"}],"wp:term":[{"taxonomy":"category","embeddable":true,"href":"https:\/\/migracao.redenoticia.com.br\/noticia\/wp-json\/wp\/v2\/categories?post=197937"},{"taxonomy":"post_tag","embeddable":true,"href":"https:\/\/migracao.redenoticia.com.br\/noticia\/wp-json\/wp\/v2\/tags?post=197937"}],"curies":[{"name":"wp","href":"https:\/\/api.w.org\/{rel}","templated":true}]}}