{"id":19798,"date":"2009-12-10T23:11:11","date_gmt":"2009-12-11T03:11:11","guid":{"rendered":"http:\/\/www.redenoticia.com.br\/noticia\/?p=19798"},"modified":"2012-04-02T15:38:19","modified_gmt":"2012-04-02T18:38:19","slug":"viver-a-vida-mais-uma-tragedia-na-vida-de-helena","status":"publish","type":"post","link":"https:\/\/migracao.redenoticia.com.br\/noticia\/2009\/viver-a-vida-mais-uma-tragedia-na-vida-de-helena\/19798","title":{"rendered":"Viver a Vida &#8211; Mais uma trag\u00e9dia na vida de Helena"},"content":{"rendered":"<p><strong><em><img loading=\"lazy\" decoding=\"async\" class=\"alignleft size-full wp-image-17353\" title=\"novela globo viver a vida\" src=\"https:\/\/migracao.redenoticia.com.br\/noticia\/imagens\/novela-globo-viver-a-vida.jpg\" alt=\"novela globo viver a vida\" width=\"300\" height=\"193\" srcset=\"https:\/\/migracao.redenoticia.com.br\/noticia\/imagens\/novela-globo-viver-a-vida.jpg 300w, https:\/\/migracao.redenoticia.com.br\/noticia\/imagens\/novela-globo-viver-a-vida-250x160.jpg 250w, https:\/\/migracao.redenoticia.com.br\/noticia\/imagens\/novela-globo-viver-a-vida-150x96.jpg 150w\" sizes=\"auto, (max-width: 300px) 100vw, 300px\" \/>Viver a Vida<\/em><\/strong> \u2013 depois de sofrer com o acidente de Luciana e com a separa\u00e7\u00e3o moment\u00e2nea de seu casamento, <strong><em>Helena<\/em><\/strong> achava que nada pior poderia acontecer. Helena estava muito feliz com a gravidez, mas ela vai sofrer um aborto espont\u00e2neo. Nesta segunda-feira, 14\/12\/2009 em Viver a Vida, Helena reclama com Alice por deix\u00e1-la sozinha com Bruno. Garcia garante a Rafaela que nunca ir\u00e1 decepcion\u00e1-la. Luciana fala com Tereza que se entende melhor com Miguel do que com Jorge. Jorge questiona Miguel sobre a sexualidade de Luciana. Betina conta para Ingrid a conversa que teve com Carlos. Felipe diz a Bruno que vai convidar Renata para ir com eles para Petr\u00f3polis. No\u00eamia vai visitar Luciana, que fica feliz. Helena fica aflita ao perceber que est\u00e1 tendo um sangramento. Alice tenta acalmar Helena para que elas possam ir para o hospital. Ricardo fica apreensivo ao falar com Alice e avisa Ellen e Ariane sobre a situa\u00e7\u00e3o de Helena. No\u00eamia conversa com Luciana sobre seu estado e a acalma. Alice avisa a Marcos, que vai para o hospital. Ricardo examina Helena. Osmar convida Bruno para fotografar um ensaio de moda. Felipe e Renata conversam sobre Petr\u00f3polis. Miguel confidencia a Ariane que gostaria que a cunhada n\u00e3o tivesse sa\u00eddo do hospital para continuar cuidando dela. Jorge confessa a Paix\u00e3o que a volta de Luciana para casa deve reaproxim\u00e1-los. Suzana n\u00e3o acredita quando v\u00ea Paix\u00e3o saindo com Jorge no meio do expediente. Tereza comenta com No\u00eamia que o humor de Luciana est\u00e1 alterado devido ao reencontro com a vida que tinha antes do acidente. Laura ajuda Luciana a tomar um lanche com No\u00eamia. Paix\u00e3o leva Jorge at\u00e9 a praia. Ricardo constata que Helena sofreu um aborto espont\u00e2neo e ela fica triste.\u00a0<\/p>\n<p>Em Viver a Vida, na ter\u00e7a-feira 15\/12\/2009, Marcos tenta confort\u00e1-la. Garcia convida Dora e Rafaela para passar as f\u00e9rias na Argentina e ela fica aflita por causa da gravidez. Soraia incentiva Flavinho a sair com Ivete. Ricardo pede para Helena ficar em repouso e ela diz a Marcos que quer passar uns dias em B\u00fazios. Alice decide fazer companhia para a amiga. Miguel leva Renata para visitar Luciana. Renata sente-se deslocada ao perceber o entrosamento entre Miguel e Luciana e decide ir embora. Ela conversa com Tereza e afirma que Luciana e Miguel precisam um do outro e que a amizade entre eles pode se transformar em amor. Ingrid confidencia a Leandro que n\u00e3o quer visitar Luciana. Edite d\u00e1 a not\u00edcia de que Helena perdeu o beb\u00ea e todos na pousada ficam tristes. Flavinho conta para os pais que Garcia o convidou para ser gerente de seu restaurante, enquanto estiver fora com Dora. Onofre critica Dora e Matilde a defende.<\/p>\n<p>Ainda no cap\u00edtulo de ter\u00e7a-feira, em Viver a Vida Garcia e Rafaela ficam entusiasmados com a possibilidade de ir para a Argentina. Renata comenta com Regina que Miguel a tem deixado de lado e que n\u00e3o participa mais de sua vida. Gustavo acorda Betina e fica chateado com os coment\u00e1rios da esposa. Cida chama Gustavo para mostrar a TV nova em seu quarto e diz que est\u00e1 precisando muito de um r\u00e1dio. Dora sente um forte enjoo ao sair de casa e inventa para Garcia que j\u00e1 marcou um m\u00e9dico. Rafaela comenta com Garcia que Dora pensa em ir para o Rio de Janeiro, mas ela desmente. Sandrinha conta para Flavinho seus planos de ir ao Rio atr\u00e1s de Ben\u00ea. Ele tenta fazer com que ela desista da ideia. Marcos, Helena e Alice viajam de helic\u00f3ptero para B\u00fazios.<\/p>\n<p>Viver a Vida<\/p>\n","protected":false},"excerpt":{"rendered":"<p>Viver a Vida \u2013 depois de sofrer com o acidente de Luciana e com a separa\u00e7\u00e3o moment\u00e2nea de seu casamento, Helena achava que nada pior poderia acontecer. Helena estava muito feliz com a gravidez, mas ela vai sofrer um aborto espont\u00e2neo. Nesta segunda-feira, 14\/12\/2009 em Viver a Vida, Helena reclama com Alice por deix\u00e1-la sozinha [&hellip;]<\/p>\n","protected":false},"author":3,"featured_media":0,"comment_status":"open","ping_status":"open","sticky":false,"template":"","format":"standard","meta":{"tdm_status":"","tdm_grid_status":"","footnotes":""},"categories":[379,375,343],"tags":[],"class_list":{"0":"post-19798","1":"post","2":"type-post","3":"status-publish","4":"format-standard","6":"category-novelas","7":"category-rede-globo","8":"category-televisao"},"_links":{"self":[{"href":"https:\/\/migracao.redenoticia.com.br\/noticia\/wp-json\/wp\/v2\/posts\/19798","targetHints":{"allow":["GET"]}}],"collection":[{"href":"https:\/\/migracao.redenoticia.com.br\/noticia\/wp-json\/wp\/v2\/posts"}],"about":[{"href":"https:\/\/migracao.redenoticia.com.br\/noticia\/wp-json\/wp\/v2\/types\/post"}],"author":[{"embeddable":true,"href":"https:\/\/migracao.redenoticia.com.br\/noticia\/wp-json\/wp\/v2\/users\/3"}],"replies":[{"embeddable":true,"href":"https:\/\/migracao.redenoticia.com.br\/noticia\/wp-json\/wp\/v2\/comments?post=19798"}],"version-history":[{"count":0,"href":"https:\/\/migracao.redenoticia.com.br\/noticia\/wp-json\/wp\/v2\/posts\/19798\/revisions"}],"wp:attachment":[{"href":"https:\/\/migracao.redenoticia.com.br\/noticia\/wp-json\/wp\/v2\/media?parent=19798"}],"wp:term":[{"taxonomy":"category","embeddable":true,"href":"https:\/\/migracao.redenoticia.com.br\/noticia\/wp-json\/wp\/v2\/categories?post=19798"},{"taxonomy":"post_tag","embeddable":true,"href":"https:\/\/migracao.redenoticia.com.br\/noticia\/wp-json\/wp\/v2\/tags?post=19798"}],"curies":[{"name":"wp","href":"https:\/\/api.w.org\/{rel}","templated":true}]}}