{"id":198042,"date":"2020-09-16T11:53:47","date_gmt":"2020-09-16T14:53:47","guid":{"rendered":"https:\/\/www.redenoticia.com.br\/noticia\/?p=198042"},"modified":"2020-09-16T11:53:47","modified_gmt":"2020-09-16T14:53:47","slug":"resumo-totalmente-demais-17-09-suely-aparece-na-casa-de-hugo","status":"publish","type":"post","link":"https:\/\/migracao.redenoticia.com.br\/noticia\/2020\/resumo-totalmente-demais-17-09-suely-aparece-na-casa-de-hugo\/198042","title":{"rendered":"Resumo \u201cTotalmente Demais\u201d 17\/09: Suely aparece na casa de Hugo"},"content":{"rendered":"<p><img loading=\"lazy\" decoding=\"async\" class=\"aligncenter size-full wp-image-195457\" src=\"https:\/\/migracao.redenoticia.com.br\/noticia\/imagens\/totalmente-demais-eliza-arthur-carol-jonatas.jpg\" alt=\"\" width=\"1280\" height=\"720\" srcset=\"https:\/\/migracao.redenoticia.com.br\/noticia\/imagens\/totalmente-demais-eliza-arthur-carol-jonatas.jpg 1280w, https:\/\/migracao.redenoticia.com.br\/noticia\/imagens\/totalmente-demais-eliza-arthur-carol-jonatas-250x140.jpg 250w, https:\/\/migracao.redenoticia.com.br\/noticia\/imagens\/totalmente-demais-eliza-arthur-carol-jonatas-400x225.jpg 400w, https:\/\/migracao.redenoticia.com.br\/noticia\/imagens\/totalmente-demais-eliza-arthur-carol-jonatas-768x432.jpg 768w, https:\/\/migracao.redenoticia.com.br\/noticia\/imagens\/totalmente-demais-eliza-arthur-carol-jonatas-150x85.jpg 150w, https:\/\/migracao.redenoticia.com.br\/noticia\/imagens\/totalmente-demais-eliza-arthur-carol-jonatas-696x392.jpg 696w, https:\/\/migracao.redenoticia.com.br\/noticia\/imagens\/totalmente-demais-eliza-arthur-carol-jonatas-1068x601.jpg 1068w\" sizes=\"auto, (max-width: 1280px) 100vw, 1280px\" \/><\/p>\n<p><em><strong>Resumo da novela \u201cTotalmente Demais\u201d<\/strong><\/em> em 17\/09: no cap\u00edtulo 148(*) da novela, Carolina sofre ao lado de Pietro. Montanha leva Wesley para o treino e incentiva o atleta. Arthur aparece na sess\u00e3o de fotos de Eliza. Florisval incentiva Jonatas a comprar um carro para tentar reconquistar Eliza. Eliza conversa com Arthur no intervalo da sess\u00e3o de fotos. Carolina pede demiss\u00e3o da revista. Carolina explica a Hugo que precisa se reencontrar. Wesley se sai bem na pista de paratletismo.<\/p>\n<p>Jonatas negocia o pagamento do carro. Carolina recebe apoio de Dorinha e Z\u00e9 Pedro. Joj\u00f4 sugere que Arthur pe\u00e7a Eliza em namoro novamente. Pietro se oferece para adotar uma crian\u00e7a com Carolina. Carolina diz a Pietro que precisa pensar sobre a ado\u00e7\u00e3o. Cassandra incentiva D\u00e9bora a mudar o visual. Hugo convida Gilda para um almo\u00e7o em fam\u00edlia. Cassandra lembra do abandono da m\u00e3e. Jonatas desiste de comprar o carro para comprar a cadeira de Wesley. Jonatas leva Eliza para passeio no parque.<\/p>\n<p>Max visita Rafael e pergunta se ele ficou com Leila. Jonatas e Eliza curtem a tarde no parque. Rafael explica a Leila que tem um projeto para viajar pelo mundo. Wesley diz a Jonatas que vai ganhar uma medalha para o irm\u00e3o. Gilda e os filhos chegam na casa de Hugo. Suely confunde Eliza com Cassandra. Suely, m\u00e3e de Cassandra e D\u00e9bora, aparece na casa de Hugo.<\/p>\n<p>(*) edi\u00e7\u00e3o das novelas da Globo, \u201cTotalmente Demais\u201d, sujeito a altera\u00e7\u00e3o de data e conte\u00fado.<\/p>\n<p>Sinopse \u201cTotalmente Demais\u201d: Eliza (Marina Ruy Barbosa) \u00e9 uma jovem de 18 anos que foge de casa, em Campo Claro, cidade fict\u00edcia do interior fluminense, ap\u00f3s ser assediada por parte do seu padrasto Dino (Paulo Rocha). Ela n\u00e3o conheceu o pai, e sua m\u00e3e, Gilda (Leona Cavalli), diz que ele era um caminhoneiro que foi embora nas estradas. O sonho dela \u00e9 conhecer esse pai e tirar a fam\u00edlia da situa\u00e7\u00e3o dif\u00edcil em que vivem. A m\u00e3e se casou com o Dino e teve mais dois filhos.<\/p>\n<p>Quando Eliza era crian\u00e7a, se dava bem com Dino, mas depois que cresceu come\u00e7ou a bater muito de frente com o padrasto. Assim que ela chega ao Rio de Janeiro, ela vai para uma pens\u00e3o, mas \u00e9 roubada. Sem op\u00e7\u00e3o, a jovem passa a morar nas ruas, e conhece Jonatas (Felipe Simas), que vende balas nos sem\u00e1foros da Lapa para ajudar sua fam\u00edlia, que vive na zona oeste da capital fluminense.<\/p>\n","protected":false},"excerpt":{"rendered":"<p>Resumo da novela \u201cTotalmente Demais\u201d em 17\/09: no cap\u00edtulo 148(*) da novela, Carolina sofre ao lado de Pietro. Montanha leva Wesley para o treino e incentiva o atleta. Arthur aparece na sess\u00e3o de fotos de Eliza. Florisval incentiva Jonatas a comprar um carro para tentar reconquistar Eliza. Eliza conversa com Arthur no intervalo da sess\u00e3o [&hellip;]<\/p>\n","protected":false},"author":4,"featured_media":197369,"comment_status":"closed","ping_status":"closed","sticky":false,"template":"","format":"standard","meta":{"tdm_status":"","tdm_grid_status":"","footnotes":""},"categories":[379,375,2025,343,556],"tags":[441],"class_list":{"0":"post-198042","1":"post","2":"type-post","3":"status-publish","4":"format-standard","5":"has-post-thumbnail","7":"category-novelas","8":"category-rede-globo","9":"category-resumo","10":"category-televisao","11":"category-totalmente-demais","12":"tag-resumo-do-dia"},"_links":{"self":[{"href":"https:\/\/migracao.redenoticia.com.br\/noticia\/wp-json\/wp\/v2\/posts\/198042","targetHints":{"allow":["GET"]}}],"collection":[{"href":"https:\/\/migracao.redenoticia.com.br\/noticia\/wp-json\/wp\/v2\/posts"}],"about":[{"href":"https:\/\/migracao.redenoticia.com.br\/noticia\/wp-json\/wp\/v2\/types\/post"}],"author":[{"embeddable":true,"href":"https:\/\/migracao.redenoticia.com.br\/noticia\/wp-json\/wp\/v2\/users\/4"}],"replies":[{"embeddable":true,"href":"https:\/\/migracao.redenoticia.com.br\/noticia\/wp-json\/wp\/v2\/comments?post=198042"}],"version-history":[{"count":0,"href":"https:\/\/migracao.redenoticia.com.br\/noticia\/wp-json\/wp\/v2\/posts\/198042\/revisions"}],"wp:featuredmedia":[{"embeddable":true,"href":"https:\/\/migracao.redenoticia.com.br\/noticia\/wp-json\/wp\/v2\/media\/197369"}],"wp:attachment":[{"href":"https:\/\/migracao.redenoticia.com.br\/noticia\/wp-json\/wp\/v2\/media?parent=198042"}],"wp:term":[{"taxonomy":"category","embeddable":true,"href":"https:\/\/migracao.redenoticia.com.br\/noticia\/wp-json\/wp\/v2\/categories?post=198042"},{"taxonomy":"post_tag","embeddable":true,"href":"https:\/\/migracao.redenoticia.com.br\/noticia\/wp-json\/wp\/v2\/tags?post=198042"}],"curies":[{"name":"wp","href":"https:\/\/api.w.org\/{rel}","templated":true}]}}