{"id":198076,"date":"2020-09-17T11:53:47","date_gmt":"2020-09-17T14:53:47","guid":{"rendered":"https:\/\/www.redenoticia.com.br\/noticia\/?p=198076"},"modified":"2020-09-17T11:53:47","modified_gmt":"2020-09-17T14:53:47","slug":"resumo-totalmente-demais-18-09-carolina-recebe-um-mandado-de-acao-da-justica","status":"publish","type":"post","link":"https:\/\/migracao.redenoticia.com.br\/noticia\/2020\/resumo-totalmente-demais-18-09-carolina-recebe-um-mandado-de-acao-da-justica\/198076","title":{"rendered":"Resumo \u201cTotalmente Demais\u201d 18\/09: Carolina recebe um mandado de a\u00e7\u00e3o da Justi\u00e7a"},"content":{"rendered":"<p><img loading=\"lazy\" decoding=\"async\" class=\"aligncenter size-full wp-image-195457\" src=\"https:\/\/migracao.redenoticia.com.br\/noticia\/imagens\/totalmente-demais-eliza-arthur-carol-jonatas.jpg\" alt=\"\" width=\"1280\" height=\"720\" srcset=\"https:\/\/migracao.redenoticia.com.br\/noticia\/imagens\/totalmente-demais-eliza-arthur-carol-jonatas.jpg 1280w, https:\/\/migracao.redenoticia.com.br\/noticia\/imagens\/totalmente-demais-eliza-arthur-carol-jonatas-250x140.jpg 250w, https:\/\/migracao.redenoticia.com.br\/noticia\/imagens\/totalmente-demais-eliza-arthur-carol-jonatas-400x225.jpg 400w, https:\/\/migracao.redenoticia.com.br\/noticia\/imagens\/totalmente-demais-eliza-arthur-carol-jonatas-768x432.jpg 768w, https:\/\/migracao.redenoticia.com.br\/noticia\/imagens\/totalmente-demais-eliza-arthur-carol-jonatas-150x85.jpg 150w, https:\/\/migracao.redenoticia.com.br\/noticia\/imagens\/totalmente-demais-eliza-arthur-carol-jonatas-696x392.jpg 696w, https:\/\/migracao.redenoticia.com.br\/noticia\/imagens\/totalmente-demais-eliza-arthur-carol-jonatas-1068x601.jpg 1068w\" sizes=\"auto, (max-width: 1280px) 100vw, 1280px\" \/><\/p>\n<p><em><strong>Resumo da novela \u201cTotalmente Demais\u201d<\/strong><\/em> em 18\/09: no cap\u00edtulo 018(*) da novela, Cassandra e D\u00e9bora ficam chocadas com a volta de Suely. Lili decide dar a volta por cima ao lado de Germano. Cassandra e D\u00e9bora enfrentam Suely. Fabinho fica feliz ao ver Lili e Germano se divertindo. Suely canta e dan\u00e7a para tentar explicar o motivo de seu sumi\u00e7o. Cassandra expulsa Suely de sua casa. D\u00e9bora fica abalada ap\u00f3s ver Suely. Wesley diz que quer deixar Jonatas orgulhoso. Suely tenta seduzir Hugo.<\/p>\n<p>Suely aparece no trabalho de D\u00e9bora. Suely se explica para D\u00e9bora e tenta se aproximar da filha. Arthur convida Eliza para o jantar de despedida de Natasha. Pietro leva informa\u00e7\u00f5es sobre processo de ado\u00e7\u00e3o para Carolina. Maristela pede ajuda a Montanha. Carolina recebe um mandado de a\u00e7\u00e3o da Justi\u00e7a.<\/p>\n<p>Rafael recebe a visita de um oficial de justi\u00e7a. Joj\u00f4 acha Natasha desanimada para a despedida. Rafael e Leila come\u00e7am a se entender. Suely diz para Carlinhos e Dayse que Hugo ser\u00e1 o novo pai deles. Natasha revela que se separou de Steve e que n\u00e3o vai mais se mudar.<\/p>\n<p>(*) edi\u00e7\u00e3o das novelas da Globo, \u201cTotalmente Demais\u201d, sujeito a altera\u00e7\u00e3o de data e conte\u00fado.<\/p>\n<p>Sinopse \u201cTotalmente Demais\u201d: Eliza (Marina Ruy Barbosa) \u00e9 uma jovem de 18 anos que foge de casa, em Campo Claro, cidade fict\u00edcia do interior fluminense, ap\u00f3s ser assediada por parte do seu padrasto Dino (Paulo Rocha). Ela n\u00e3o conheceu o pai, e sua m\u00e3e, Gilda (Leona Cavalli), diz que ele era um caminhoneiro que foi embora nas estradas. O sonho dela \u00e9 conhecer esse pai e tirar a fam\u00edlia da situa\u00e7\u00e3o dif\u00edcil em que vivem. A m\u00e3e se casou com o Dino e teve mais dois filhos.<\/p>\n<p>Quando Eliza era crian\u00e7a, se dava bem com Dino, mas depois que cresceu come\u00e7ou a bater muito de frente com o padrasto. Assim que ela chega ao Rio de Janeiro, ela vai para uma pens\u00e3o, mas \u00e9 roubada. Sem op\u00e7\u00e3o, a jovem passa a morar nas ruas, e conhece Jonatas (Felipe Simas), que vende balas nos sem\u00e1foros da Lapa para ajudar sua fam\u00edlia, que vive na zona oeste da capital fluminense.<\/p>\n","protected":false},"excerpt":{"rendered":"<p>Resumo da novela \u201cTotalmente Demais\u201d em 18\/09: no cap\u00edtulo 018(*) da novela, Cassandra e D\u00e9bora ficam chocadas com a volta de Suely. Lili decide dar a volta por cima ao lado de Germano. Cassandra e D\u00e9bora enfrentam Suely. Fabinho fica feliz ao ver Lili e Germano se divertindo. Suely canta e dan\u00e7a para tentar explicar [&hellip;]<\/p>\n","protected":false},"author":4,"featured_media":197369,"comment_status":"closed","ping_status":"closed","sticky":false,"template":"","format":"standard","meta":{"tdm_status":"","tdm_grid_status":"","footnotes":""},"categories":[379,375,2025,343,556],"tags":[441],"class_list":{"0":"post-198076","1":"post","2":"type-post","3":"status-publish","4":"format-standard","5":"has-post-thumbnail","7":"category-novelas","8":"category-rede-globo","9":"category-resumo","10":"category-televisao","11":"category-totalmente-demais","12":"tag-resumo-do-dia"},"_links":{"self":[{"href":"https:\/\/migracao.redenoticia.com.br\/noticia\/wp-json\/wp\/v2\/posts\/198076","targetHints":{"allow":["GET"]}}],"collection":[{"href":"https:\/\/migracao.redenoticia.com.br\/noticia\/wp-json\/wp\/v2\/posts"}],"about":[{"href":"https:\/\/migracao.redenoticia.com.br\/noticia\/wp-json\/wp\/v2\/types\/post"}],"author":[{"embeddable":true,"href":"https:\/\/migracao.redenoticia.com.br\/noticia\/wp-json\/wp\/v2\/users\/4"}],"replies":[{"embeddable":true,"href":"https:\/\/migracao.redenoticia.com.br\/noticia\/wp-json\/wp\/v2\/comments?post=198076"}],"version-history":[{"count":0,"href":"https:\/\/migracao.redenoticia.com.br\/noticia\/wp-json\/wp\/v2\/posts\/198076\/revisions"}],"wp:featuredmedia":[{"embeddable":true,"href":"https:\/\/migracao.redenoticia.com.br\/noticia\/wp-json\/wp\/v2\/media\/197369"}],"wp:attachment":[{"href":"https:\/\/migracao.redenoticia.com.br\/noticia\/wp-json\/wp\/v2\/media?parent=198076"}],"wp:term":[{"taxonomy":"category","embeddable":true,"href":"https:\/\/migracao.redenoticia.com.br\/noticia\/wp-json\/wp\/v2\/categories?post=198076"},{"taxonomy":"post_tag","embeddable":true,"href":"https:\/\/migracao.redenoticia.com.br\/noticia\/wp-json\/wp\/v2\/tags?post=198076"}],"curies":[{"name":"wp","href":"https:\/\/api.w.org\/{rel}","templated":true}]}}