{"id":198143,"date":"2020-09-20T17:48:00","date_gmt":"2020-09-20T20:48:00","guid":{"rendered":"https:\/\/www.redenoticia.com.br\/noticia\/?p=198143"},"modified":"2020-09-20T17:48:00","modified_gmt":"2020-09-20T20:48:00","slug":"resumo-chiquititas-21-09-mili-assume-que-gosta-de-duda","status":"publish","type":"post","link":"https:\/\/migracao.redenoticia.com.br\/noticia\/2020\/resumo-chiquititas-21-09-mili-assume-que-gosta-de-duda\/198143","title":{"rendered":"Resumo \u201cChiquititas\u201d 21\/09: Mili assume que gosta de Duda"},"content":{"rendered":"<p> <img loading=\"lazy\" decoding=\"async\" class=\"aligncenter size-full wp-image-195897\" src=\"https:\/\/migracao.redenoticia.com.br\/noticia\/imagens\/chiquititas-resumo-sinopse.jpg\" alt=\"\" width=\"1280\" height=\"720\" srcset=\"https:\/\/migracao.redenoticia.com.br\/noticia\/imagens\/chiquititas-resumo-sinopse.jpg 1280w, https:\/\/migracao.redenoticia.com.br\/noticia\/imagens\/chiquititas-resumo-sinopse-250x140.jpg 250w, https:\/\/migracao.redenoticia.com.br\/noticia\/imagens\/chiquititas-resumo-sinopse-400x225.jpg 400w, https:\/\/migracao.redenoticia.com.br\/noticia\/imagens\/chiquititas-resumo-sinopse-768x432.jpg 768w, https:\/\/migracao.redenoticia.com.br\/noticia\/imagens\/chiquititas-resumo-sinopse-150x85.jpg 150w, https:\/\/migracao.redenoticia.com.br\/noticia\/imagens\/chiquititas-resumo-sinopse-696x392.jpg 696w, https:\/\/migracao.redenoticia.com.br\/noticia\/imagens\/chiquititas-resumo-sinopse-1068x601.jpg 1068w\" sizes=\"auto, (max-width: 1280px) 100vw, 1280px\" \/><\/p>\n<p><strong><em>Resumo da novela \u201cChiquititas\u201d<\/em><\/strong> em 21\/09: no cap\u00edtulo 060(*) da novela, Mili e Vivi se arrumam para o passeio com os meninos. As chiquititas perguntam para quem elas se arrumaram. Mili diz que sair\u00e1 com Duda e Vivi conta que vai sair com Mosca. Na sala, Duda e Mosca aguardam as meninas. Mosca aproveita e puxa assunto com Duda para descobrir onde ele levar\u00e1 Mili. Duda diz que vai levar a chiquitita no parque. Mosca conta que havia planejado o mesmo roteiro com Vivi, o que n\u00e3o \u00e9 verdade. Cris discute com Vivi por ci\u00fames. As meninas apaziguam a situa\u00e7\u00e3o. Os quatro saem para o passeio. Tobias chega com Maria Cec\u00edlia na casa de Carol para conversarem com Let\u00edcia, Clarita e Beto sobre o que fazer com o sucesso do v\u00eddeo de Tom\u00e1s Ferraz.<\/p>\n<p>Beto anuncia para todos que ele ser\u00e1 o empres\u00e1rio de Tom\u00e1s Ferraz. No orfanato, Cintia sonda as crian\u00e7as para saber o que n\u00e3o gostavam na dire\u00e7\u00e3o de Carmen e aproveita para induzir as chiquititas a confiarem e votarem nela para diretora. No parque, Duda e Mili est\u00e3o cada vez mais pr\u00f3ximos. Mosca usa Vivi para poder seguir Duda e ver o que ele faz com Mili. O Chiquitito fica muito incomodado ao ver Duda presenteando Mili com uma flor. Vivi n\u00e3o percebe a real inten\u00e7\u00e3o do passeio por parte de Mosca. Ernestina presenteia todas as crian\u00e7as do orfanato para fazer boca de urna, mas a lembrancinha \u00e9 muito pequena e n\u00e3o empolga ningu\u00e9m. Ernestina fica arrasada com o desprezo das crian\u00e7as, que n\u00e3o desgrudam do celular.<\/p>\n<p>No parque, Duda e Mili est\u00e3o sentados e conversando. Duda pergunta para Mili qual o tipo de garoto faz o tipo dela. Ao mesmo tempo ele pega na m\u00e3o dela e rola um clima. Mili levanta e diz que \u00e9 melhor voltarem para o orfanato. Mosca e Vivi acabam se divertindo num bebedouro. Os dois brincam de molhar um ao outro. Mili chega ao orfanato e diz para Pata que ganhou uma flor de Duda e que quando ele segurou em sua m\u00e3o, ela sentiu um frio na barriga e ficou com vergonha. Mili assume que gosta de Duda e conta tudo o que aconteceu, mas diz que n\u00e3o deixou acontecer o primeiro beijo, pois acredita que isso deva acontecer num momento especial e com algu\u00e9m especial.<\/p>\n<p>Na mans\u00e3o dos Almeida Campos, Carmen diz para Junior que tamb\u00e9m vai se candidatar a diretora do orfanato. Let\u00edcia pede para Beto ajud\u00e1-la a cuidar da Dani para que ela possa sair com o Rui Salgado (Daniel Morozetti). Let\u00edcia diz que sabe que \u00e9 errado n\u00e3o contar para ele que ela possui uma filha, mas que n\u00e3o quer assust\u00e1-lo no come\u00e7o da rela\u00e7\u00e3o. A campainha toca e Dani atende a porta. Trata-se de Rui Salgado. A menina chama a m\u00e3e. No orfanato, Cintia fica sozinha na diretoria e diz: &#8220;Eu vou ser a nova diretora deste orfanato!&#8221;.<\/p>\n<p>(*) edi\u00e7\u00e3o das novelas do SBT, \u201cChiquititas\u201d, sujeito a altera\u00e7\u00e3o de data e conte\u00fado.<\/p>\n","protected":false},"excerpt":{"rendered":"<p>Resumo da novela \u201cChiquititas\u201d em 21\/09: no cap\u00edtulo 060(*) da novela, Mili e Vivi se arrumam para o passeio com os meninos. As chiquititas perguntam para quem elas se arrumaram. Mili diz que sair\u00e1 com Duda e Vivi conta que vai sair com Mosca. Na sala, Duda e Mosca aguardam as meninas. Mosca aproveita e [&hellip;]<\/p>\n","protected":false},"author":2,"featured_media":195894,"comment_status":"closed","ping_status":"closed","sticky":false,"template":"","format":"standard","meta":{"tdm_status":"","tdm_grid_status":"","footnotes":""},"categories":[409,379,2025,372,343],"tags":[441],"class_list":{"0":"post-198143","1":"post","2":"type-post","3":"status-publish","4":"format-standard","5":"has-post-thumbnail","7":"category-chiquititas","8":"category-novelas","9":"category-resumo","10":"category-sbt","11":"category-televisao","12":"tag-resumo-do-dia"},"_links":{"self":[{"href":"https:\/\/migracao.redenoticia.com.br\/noticia\/wp-json\/wp\/v2\/posts\/198143","targetHints":{"allow":["GET"]}}],"collection":[{"href":"https:\/\/migracao.redenoticia.com.br\/noticia\/wp-json\/wp\/v2\/posts"}],"about":[{"href":"https:\/\/migracao.redenoticia.com.br\/noticia\/wp-json\/wp\/v2\/types\/post"}],"author":[{"embeddable":true,"href":"https:\/\/migracao.redenoticia.com.br\/noticia\/wp-json\/wp\/v2\/users\/2"}],"replies":[{"embeddable":true,"href":"https:\/\/migracao.redenoticia.com.br\/noticia\/wp-json\/wp\/v2\/comments?post=198143"}],"version-history":[{"count":0,"href":"https:\/\/migracao.redenoticia.com.br\/noticia\/wp-json\/wp\/v2\/posts\/198143\/revisions"}],"wp:featuredmedia":[{"embeddable":true,"href":"https:\/\/migracao.redenoticia.com.br\/noticia\/wp-json\/wp\/v2\/media\/195894"}],"wp:attachment":[{"href":"https:\/\/migracao.redenoticia.com.br\/noticia\/wp-json\/wp\/v2\/media?parent=198143"}],"wp:term":[{"taxonomy":"category","embeddable":true,"href":"https:\/\/migracao.redenoticia.com.br\/noticia\/wp-json\/wp\/v2\/categories?post=198143"},{"taxonomy":"post_tag","embeddable":true,"href":"https:\/\/migracao.redenoticia.com.br\/noticia\/wp-json\/wp\/v2\/tags?post=198143"}],"curies":[{"name":"wp","href":"https:\/\/api.w.org\/{rel}","templated":true}]}}