{"id":198153,"date":"2020-09-20T17:57:20","date_gmt":"2020-09-20T20:57:20","guid":{"rendered":"https:\/\/www.redenoticia.com.br\/noticia\/?p=198153"},"modified":"2020-09-20T17:57:20","modified_gmt":"2020-09-20T20:57:20","slug":"resumo-flor-do-caribe-21-09-cassiano-faz-pouso-forcado","status":"publish","type":"post","link":"https:\/\/migracao.redenoticia.com.br\/noticia\/2020\/resumo-flor-do-caribe-21-09-cassiano-faz-pouso-forcado\/198153","title":{"rendered":"Resumo \u201cFlor do Caribe\u201d 21\/09: Cassiano faz pouso for\u00e7ado"},"content":{"rendered":"<p><img loading=\"lazy\" decoding=\"async\" class=\"aligncenter size-full wp-image-197364\" src=\"https:\/\/migracao.redenoticia.com.br\/noticia\/imagens\/flor-do-caribe-resumo-novela.jpg\" alt=\"\" width=\"1280\" height=\"720\" srcset=\"https:\/\/migracao.redenoticia.com.br\/noticia\/imagens\/flor-do-caribe-resumo-novela.jpg 1280w, https:\/\/migracao.redenoticia.com.br\/noticia\/imagens\/flor-do-caribe-resumo-novela-250x140.jpg 250w, https:\/\/migracao.redenoticia.com.br\/noticia\/imagens\/flor-do-caribe-resumo-novela-400x225.jpg 400w, https:\/\/migracao.redenoticia.com.br\/noticia\/imagens\/flor-do-caribe-resumo-novela-768x432.jpg 768w, https:\/\/migracao.redenoticia.com.br\/noticia\/imagens\/flor-do-caribe-resumo-novela-150x85.jpg 150w\" sizes=\"auto, (max-width: 1280px) 100vw, 1280px\" \/><\/p>\n<p><em><strong>Resumo da novela \u201cFlor do Caribe\u201d<\/strong><\/em> em 21\/09: no cap\u00edtulo 019(*) da novela, Cassiano e Duque conseguem fugir em dire\u00e7\u00e3o \u00e0 mata, mas s\u00e3o perseguidos pelos capangas de Dom Rafael. Donato percebe a dificuldade que ter\u00e1 para ser aceito pelos pescadores. Dom Rafael e seus capangas acertam um dos tanques de combust\u00edvel do avi\u00e3o onde est\u00e3o Cassiano e Duque, que s\u00e3o obrigados a aterrissar. Ester e Alberto brincam na piscina com Samuca e Laura.<\/p>\n<p>H\u00e9lio encontra Donato e conta ao pai que \u00e9 assistente da diretoria do Grupo Albuquerque. Dion\u00edsio discute com Alberto sobre a desativa\u00e7\u00e3o da mina. Alberto n\u00e3o concorda com a an\u00e1lise de H\u00e9lio sobre a situa\u00e7\u00e3o da mina e acaba discutindo com Dion\u00edsio. Cassiano faz um pouso for\u00e7ado no meio do pasto. Cassiano e Duque atravessam o p\u00e2ntano e s\u00e3o surpreendidos por um crocodilo.<\/p>\n<p>(*) edi\u00e7\u00e3o das novelas da Globo, \u201cFlor do Caribe\u201d, sujeito a altera\u00e7\u00e3o de data e conte\u00fado.<\/p>\n<p>Sinopse \u201cFlor do Caribe\u201d: A hist\u00f3ria se passa na fict\u00edcia Vila dos Ventos. Na novela, amigos de inf\u00e2ncia se tornam rivais por um grande amor. Cassiano (Henri Castelli), Ester (Grazi Massafera) e Alberto (Igor Rickli) s\u00e3o amigos de inf\u00e2ncia em Flor do Caribe. As temporadas de f\u00e9rias em Vila dos Ventos aproximaram os tr\u00eas, mas suas vidas seguiram caminhos distintos. Alberto se afasta por alguns anos para receber a forma\u00e7\u00e3o que lhe cabe como herdeiro do imp\u00e9rio constru\u00eddo pela fam\u00edlia Albuquerque, enquanto Ester e Cassiano vivem o amor que sentem um pelo outro e lutam para alcan\u00e7ar seus objetivos.<\/p>\n","protected":false},"excerpt":{"rendered":"<p>Resumo da novela \u201cFlor do Caribe\u201d em 21\/09: no cap\u00edtulo 019(*) da novela, Cassiano e Duque conseguem fugir em dire\u00e7\u00e3o \u00e0 mata, mas s\u00e3o perseguidos pelos capangas de Dom Rafael. Donato percebe a dificuldade que ter\u00e1 para ser aceito pelos pescadores. Dom Rafael e seus capangas acertam um dos tanques de combust\u00edvel do avi\u00e3o onde [&hellip;]<\/p>\n","protected":false},"author":2,"featured_media":197363,"comment_status":"closed","ping_status":"closed","sticky":false,"template":"","format":"standard","meta":{"tdm_status":"","tdm_grid_status":"","footnotes":""},"categories":[2056,379,375,2025,343],"tags":[441],"class_list":{"0":"post-198153","1":"post","2":"type-post","3":"status-publish","4":"format-standard","5":"has-post-thumbnail","7":"category-flor-de-caribe","8":"category-novelas","9":"category-rede-globo","10":"category-resumo","11":"category-televisao","12":"tag-resumo-do-dia"},"_links":{"self":[{"href":"https:\/\/migracao.redenoticia.com.br\/noticia\/wp-json\/wp\/v2\/posts\/198153","targetHints":{"allow":["GET"]}}],"collection":[{"href":"https:\/\/migracao.redenoticia.com.br\/noticia\/wp-json\/wp\/v2\/posts"}],"about":[{"href":"https:\/\/migracao.redenoticia.com.br\/noticia\/wp-json\/wp\/v2\/types\/post"}],"author":[{"embeddable":true,"href":"https:\/\/migracao.redenoticia.com.br\/noticia\/wp-json\/wp\/v2\/users\/2"}],"replies":[{"embeddable":true,"href":"https:\/\/migracao.redenoticia.com.br\/noticia\/wp-json\/wp\/v2\/comments?post=198153"}],"version-history":[{"count":0,"href":"https:\/\/migracao.redenoticia.com.br\/noticia\/wp-json\/wp\/v2\/posts\/198153\/revisions"}],"wp:featuredmedia":[{"embeddable":true,"href":"https:\/\/migracao.redenoticia.com.br\/noticia\/wp-json\/wp\/v2\/media\/197363"}],"wp:attachment":[{"href":"https:\/\/migracao.redenoticia.com.br\/noticia\/wp-json\/wp\/v2\/media?parent=198153"}],"wp:term":[{"taxonomy":"category","embeddable":true,"href":"https:\/\/migracao.redenoticia.com.br\/noticia\/wp-json\/wp\/v2\/categories?post=198153"},{"taxonomy":"post_tag","embeddable":true,"href":"https:\/\/migracao.redenoticia.com.br\/noticia\/wp-json\/wp\/v2\/tags?post=198153"}],"curies":[{"name":"wp","href":"https:\/\/api.w.org\/{rel}","templated":true}]}}