{"id":198174,"date":"2020-09-21T19:31:28","date_gmt":"2020-09-21T22:31:28","guid":{"rendered":"https:\/\/www.redenoticia.com.br\/noticia\/?p=198174"},"modified":"2020-09-21T19:31:28","modified_gmt":"2020-09-21T22:31:28","slug":"resumo-chiquititas-22-09-pata-desconfia-de-cintia","status":"publish","type":"post","link":"https:\/\/migracao.redenoticia.com.br\/noticia\/2020\/resumo-chiquititas-22-09-pata-desconfia-de-cintia\/198174","title":{"rendered":"Resumo \u201cChiquititas\u201d 22\/09: Pata desconfia de C\u00edntia"},"content":{"rendered":"<p> <img loading=\"lazy\" decoding=\"async\" class=\"aligncenter size-full wp-image-195897\" src=\"https:\/\/migracao.redenoticia.com.br\/noticia\/imagens\/chiquititas-resumo-sinopse.jpg\" alt=\"\" width=\"1280\" height=\"720\" srcset=\"https:\/\/migracao.redenoticia.com.br\/noticia\/imagens\/chiquititas-resumo-sinopse.jpg 1280w, https:\/\/migracao.redenoticia.com.br\/noticia\/imagens\/chiquititas-resumo-sinopse-250x140.jpg 250w, https:\/\/migracao.redenoticia.com.br\/noticia\/imagens\/chiquititas-resumo-sinopse-400x225.jpg 400w, https:\/\/migracao.redenoticia.com.br\/noticia\/imagens\/chiquititas-resumo-sinopse-768x432.jpg 768w, https:\/\/migracao.redenoticia.com.br\/noticia\/imagens\/chiquititas-resumo-sinopse-150x85.jpg 150w, https:\/\/migracao.redenoticia.com.br\/noticia\/imagens\/chiquititas-resumo-sinopse-696x392.jpg 696w, https:\/\/migracao.redenoticia.com.br\/noticia\/imagens\/chiquititas-resumo-sinopse-1068x601.jpg 1068w\" sizes=\"auto, (max-width: 1280px) 100vw, 1280px\" \/><\/p>\n<p><strong><em>Resumo da novela \u201cChiquititas\u201d<\/em><\/strong> em 22\/09: no cap\u00edtulo 061(*) da novela, Let\u00edcia apresenta Dani para Rui Salgado. A menina faz birra e diz que n\u00e3o vai deixar a m\u00e3e sair com o cr\u00edtico. Todos ficam sem gra\u00e7a. Rui Salgado diz que acha melhor deixar o passeio para outro dia. O rapaz vai embora e Let\u00edcia chama a aten\u00e7\u00e3o da filha. Cintia continua bajulando as crian\u00e7as e diz que se ela for a nova diretora ir\u00e1 dar muitos presentes. Anoitece e Cintia vai para seu apartamento. A mulher reclama sozinha que os \u00f3rf\u00e3os s\u00e3o crian\u00e7as muito irritantes, mas que n\u00e3o v\u00e3o dar muito trabalho. Cintia diz que precisa virar diretora do orfanato para se livrar logo da cachorra Pipoca, que \u00e9 dos \u00f3rf\u00e3os, mas vive em seu apartamento. Carol chega em casa feliz com as novidades do orfanato, mas se depara com Let\u00edcia chorando.<\/p>\n<p>Let\u00edcia diz que est\u00e1 triste com o comportamento da Dani, que fez com que Rui Salgado fosse embora igual todos os outros. Todas as crian\u00e7as se re\u00fanem no quarto das meninas e ficam indecisas entre Carol e Cintia. Os pequeninos descartam Ernestina. Na cozinha, a zeladora chora e desabafa com Chico que queria ser a nova diretora, mas sabe que n\u00e3o ganhar\u00e1 nenhum voto. Ernestina diz que ela sempre se dedicou ao bem estar das crian\u00e7as. No quarto, as crian\u00e7as fazem uma vota\u00e7\u00e3o aberta (n\u00e3o oficial) que indica a vit\u00f3ria de Carol. No apartamento de Maria Cec\u00edlia, Eduarda diz que aprovou o trabalho de Shirley.<\/p>\n<p>A empregada reclama do TOC (transtorno obsessivo-compulsivo) que Maria Cec\u00edlia tem com a organiza\u00e7\u00e3o de seus objetos. No Caf\u00e9 Boutique, Beto diz para Tobias, Maria Cec\u00edlia e Clarita que est\u00e1 agendada a participa\u00e7\u00e3o de Tom\u00e1s Ferraz no programa da Eliana. No orfanato, as \u00f3rf\u00e3os n\u00e3o desgrudam do celular nem para comer e irritam Chico. No apartamento de Maria Cec\u00edlia, Shirley serve feijoada para Eduarda, que ao saber que a feijoada s\u00f3 tem l\u00edngua e orelha de porco, reclama e diz que n\u00e3o come esse tipo de comida. Shirley responde que todo mundo \u00e9 muito estranho no apartamento e que n\u00e3o vai mais trabalhar l\u00e1.<\/p>\n<p>Eduarda tenta reverter a situa\u00e7\u00e3o, mas sem sucesso. No orfanato, Cintia leva doces para os \u00f3rf\u00e3os. Pata se recusa a comer o doce. Cintia percebe que ter\u00e1 problemas com a garota. Pata diz para Mosca e Mili que Cintia deve estar armando alguma coisa. Cintia conta para Tati que tamb\u00e9m \u00e9 \u00f3rf\u00e3 e promete que se for a nova diretora n\u00e3o ir\u00e1 descansar enquanto n\u00e3o encontrar o pai dela e de Vivi. Tati vai atr\u00e1s da irm\u00e3, diz que mudou de ideia e vai votar em Cintia.<\/p>\n<p>(*) edi\u00e7\u00e3o das novelas do SBT, \u201cChiquititas\u201d, sujeito a altera\u00e7\u00e3o de data e conte\u00fado.<\/p>\n","protected":false},"excerpt":{"rendered":"<p>Resumo da novela \u201cChiquititas\u201d em 22\/09: no cap\u00edtulo 061(*) da novela, Let\u00edcia apresenta Dani para Rui Salgado. A menina faz birra e diz que n\u00e3o vai deixar a m\u00e3e sair com o cr\u00edtico. Todos ficam sem gra\u00e7a. Rui Salgado diz que acha melhor deixar o passeio para outro dia. O rapaz vai embora e Let\u00edcia [&hellip;]<\/p>\n","protected":false},"author":2,"featured_media":195894,"comment_status":"closed","ping_status":"closed","sticky":false,"template":"","format":"standard","meta":{"tdm_status":"","tdm_grid_status":"","footnotes":""},"categories":[409,379,2025,372,343],"tags":[441],"class_list":{"0":"post-198174","1":"post","2":"type-post","3":"status-publish","4":"format-standard","5":"has-post-thumbnail","7":"category-chiquititas","8":"category-novelas","9":"category-resumo","10":"category-sbt","11":"category-televisao","12":"tag-resumo-do-dia"},"_links":{"self":[{"href":"https:\/\/migracao.redenoticia.com.br\/noticia\/wp-json\/wp\/v2\/posts\/198174","targetHints":{"allow":["GET"]}}],"collection":[{"href":"https:\/\/migracao.redenoticia.com.br\/noticia\/wp-json\/wp\/v2\/posts"}],"about":[{"href":"https:\/\/migracao.redenoticia.com.br\/noticia\/wp-json\/wp\/v2\/types\/post"}],"author":[{"embeddable":true,"href":"https:\/\/migracao.redenoticia.com.br\/noticia\/wp-json\/wp\/v2\/users\/2"}],"replies":[{"embeddable":true,"href":"https:\/\/migracao.redenoticia.com.br\/noticia\/wp-json\/wp\/v2\/comments?post=198174"}],"version-history":[{"count":0,"href":"https:\/\/migracao.redenoticia.com.br\/noticia\/wp-json\/wp\/v2\/posts\/198174\/revisions"}],"wp:featuredmedia":[{"embeddable":true,"href":"https:\/\/migracao.redenoticia.com.br\/noticia\/wp-json\/wp\/v2\/media\/195894"}],"wp:attachment":[{"href":"https:\/\/migracao.redenoticia.com.br\/noticia\/wp-json\/wp\/v2\/media?parent=198174"}],"wp:term":[{"taxonomy":"category","embeddable":true,"href":"https:\/\/migracao.redenoticia.com.br\/noticia\/wp-json\/wp\/v2\/categories?post=198174"},{"taxonomy":"post_tag","embeddable":true,"href":"https:\/\/migracao.redenoticia.com.br\/noticia\/wp-json\/wp\/v2\/tags?post=198174"}],"curies":[{"name":"wp","href":"https:\/\/api.w.org\/{rel}","templated":true}]}}