{"id":198186,"date":"2020-09-21T19:35:45","date_gmt":"2020-09-21T22:35:45","guid":{"rendered":"https:\/\/www.redenoticia.com.br\/noticia\/?p=198186"},"modified":"2020-09-21T19:35:45","modified_gmt":"2020-09-21T22:35:45","slug":"resumo-flor-do-caribe-22-09-cassiano-se-encanta-ao-ver-cristal-dancar","status":"publish","type":"post","link":"https:\/\/migracao.redenoticia.com.br\/noticia\/2020\/resumo-flor-do-caribe-22-09-cassiano-se-encanta-ao-ver-cristal-dancar\/198186","title":{"rendered":"Resumo \u201cFlor do Caribe\u201d 22\/09: Cassiano se encanta ao ver Cristal dan\u00e7ar"},"content":{"rendered":"<p> <img loading=\"lazy\" decoding=\"async\" class=\"aligncenter size-full wp-image-197364\" src=\"https:\/\/migracao.redenoticia.com.br\/noticia\/imagens\/flor-do-caribe-resumo-novela.jpg\" alt=\"\" width=\"1280\" height=\"720\" srcset=\"https:\/\/migracao.redenoticia.com.br\/noticia\/imagens\/flor-do-caribe-resumo-novela.jpg 1280w, https:\/\/migracao.redenoticia.com.br\/noticia\/imagens\/flor-do-caribe-resumo-novela-250x140.jpg 250w, https:\/\/migracao.redenoticia.com.br\/noticia\/imagens\/flor-do-caribe-resumo-novela-400x225.jpg 400w, https:\/\/migracao.redenoticia.com.br\/noticia\/imagens\/flor-do-caribe-resumo-novela-768x432.jpg 768w, https:\/\/migracao.redenoticia.com.br\/noticia\/imagens\/flor-do-caribe-resumo-novela-150x85.jpg 150w\" sizes=\"auto, (max-width: 1280px) 100vw, 1280px\" \/><\/p>\n<p><em><strong>Resumo da novela \u201cFlor do Caribe\u201d<\/strong><\/em> em 22\/09: no cap\u00edtulo 020(*) da novela, Isabel aceita o convite de Ciro, Amadeu e Rodrigo para conhecer sua casa. Cassiano colhe uma flor do Caribe para dar a Ester quando chegar ao Brasil. Bibiana tenta animar Donato. Cassiano e Duque conseguem embarcar em um \u00f4nibus que passa pela estrada. Alberto ordena a H\u00e9lio que feche a mina e se livre dos funcion\u00e1rios, amea\u00e7ando demiti-lo caso n\u00e3o cumpra suas ordens.<\/p>\n<p>Bibiana procura H\u00e9lio e pede para o filho arrumar um emprego para o pai. Dom Rafael manda os capangas procurarem Cassiano e Duque. Donato discute com H\u00e9lio. Amaralina oferece ajuda para esconder Cassiano e Duque em uma casa noturna. Isabel avisa a Rodrigo e aos amigos da rep\u00fablica que vai morar com eles. Cassiano fica encantado ao ver Cristal dan\u00e7ando na casa noturna.<\/p>\n<p>(*) edi\u00e7\u00e3o das novelas da Globo, \u201cFlor do Caribe\u201d, sujeito a altera\u00e7\u00e3o de data e conte\u00fado.<\/p>\n<p>Sinopse \u201cFlor do Caribe\u201d: A hist\u00f3ria se passa na fict\u00edcia Vila dos Ventos. Na novela, amigos de inf\u00e2ncia se tornam rivais por um grande amor. Cassiano (Henri Castelli), Ester (Grazi Massafera) e Alberto (Igor Rickli) s\u00e3o amigos de inf\u00e2ncia em Flor do Caribe. As temporadas de f\u00e9rias em Vila dos Ventos aproximaram os tr\u00eas, mas suas vidas seguiram caminhos distintos. Alberto se afasta por alguns anos para receber a forma\u00e7\u00e3o que lhe cabe como herdeiro do imp\u00e9rio constru\u00eddo pela fam\u00edlia Albuquerque, enquanto Ester e Cassiano vivem o amor que sentem um pelo outro e lutam para alcan\u00e7ar seus objetivos.<\/p>\n","protected":false},"excerpt":{"rendered":"<p>Resumo da novela \u201cFlor do Caribe\u201d em 22\/09: no cap\u00edtulo 020(*) da novela, Isabel aceita o convite de Ciro, Amadeu e Rodrigo para conhecer sua casa. Cassiano colhe uma flor do Caribe para dar a Ester quando chegar ao Brasil. Bibiana tenta animar Donato. Cassiano e Duque conseguem embarcar em um \u00f4nibus que passa pela [&hellip;]<\/p>\n","protected":false},"author":2,"featured_media":197363,"comment_status":"closed","ping_status":"closed","sticky":false,"template":"","format":"standard","meta":{"tdm_status":"","tdm_grid_status":"","footnotes":""},"categories":[2056,379,375,2025,343],"tags":[441],"class_list":{"0":"post-198186","1":"post","2":"type-post","3":"status-publish","4":"format-standard","5":"has-post-thumbnail","7":"category-flor-de-caribe","8":"category-novelas","9":"category-rede-globo","10":"category-resumo","11":"category-televisao","12":"tag-resumo-do-dia"},"_links":{"self":[{"href":"https:\/\/migracao.redenoticia.com.br\/noticia\/wp-json\/wp\/v2\/posts\/198186","targetHints":{"allow":["GET"]}}],"collection":[{"href":"https:\/\/migracao.redenoticia.com.br\/noticia\/wp-json\/wp\/v2\/posts"}],"about":[{"href":"https:\/\/migracao.redenoticia.com.br\/noticia\/wp-json\/wp\/v2\/types\/post"}],"author":[{"embeddable":true,"href":"https:\/\/migracao.redenoticia.com.br\/noticia\/wp-json\/wp\/v2\/users\/2"}],"replies":[{"embeddable":true,"href":"https:\/\/migracao.redenoticia.com.br\/noticia\/wp-json\/wp\/v2\/comments?post=198186"}],"version-history":[{"count":0,"href":"https:\/\/migracao.redenoticia.com.br\/noticia\/wp-json\/wp\/v2\/posts\/198186\/revisions"}],"wp:featuredmedia":[{"embeddable":true,"href":"https:\/\/migracao.redenoticia.com.br\/noticia\/wp-json\/wp\/v2\/media\/197363"}],"wp:attachment":[{"href":"https:\/\/migracao.redenoticia.com.br\/noticia\/wp-json\/wp\/v2\/media?parent=198186"}],"wp:term":[{"taxonomy":"category","embeddable":true,"href":"https:\/\/migracao.redenoticia.com.br\/noticia\/wp-json\/wp\/v2\/categories?post=198186"},{"taxonomy":"post_tag","embeddable":true,"href":"https:\/\/migracao.redenoticia.com.br\/noticia\/wp-json\/wp\/v2\/tags?post=198186"}],"curies":[{"name":"wp","href":"https:\/\/api.w.org\/{rel}","templated":true}]}}