{"id":198234,"date":"2020-11-06T11:51:16","date_gmt":"2020-11-06T14:51:16","guid":{"rendered":"https:\/\/www.redenoticia.com.br\/noticia\/?p=198234"},"modified":"2020-11-06T14:05:00","modified_gmt":"2020-11-06T17:05:00","slug":"novela-a-forca-do-querer-caio-resolve-ajudar-rubinho","status":"publish","type":"post","link":"https:\/\/migracao.redenoticia.com.br\/noticia\/2020\/novela-a-forca-do-querer-caio-resolve-ajudar-rubinho\/198234","title":{"rendered":"Novela &#8220;A For\u00e7a do Querer&#8221;: Caio resolve ajudar Rubinho"},"content":{"rendered":"<p><img loading=\"lazy\" decoding=\"async\" src=\"https:\/\/migracao.redenoticia.com.br\/noticia\/imagens\/a-forca-do-querer-elenco-bibi-rubinho.jpg\" alt=\"\" width=\"1280\" height=\"720\" class=\"aligncenter size-full wp-image-198239\" srcset=\"https:\/\/migracao.redenoticia.com.br\/noticia\/imagens\/a-forca-do-querer-elenco-bibi-rubinho.jpg 1280w, https:\/\/migracao.redenoticia.com.br\/noticia\/imagens\/a-forca-do-querer-elenco-bibi-rubinho-250x140.jpg 250w, https:\/\/migracao.redenoticia.com.br\/noticia\/imagens\/a-forca-do-querer-elenco-bibi-rubinho-400x225.jpg 400w, https:\/\/migracao.redenoticia.com.br\/noticia\/imagens\/a-forca-do-querer-elenco-bibi-rubinho-768x432.jpg 768w, https:\/\/migracao.redenoticia.com.br\/noticia\/imagens\/a-forca-do-querer-elenco-bibi-rubinho-150x85.jpg 150w\" sizes=\"auto, (max-width: 1280px) 100vw, 1280px\" \/><\/p>\n<p>Na novela <em><strong>\u201cA For\u00e7a do Querer\u201d<\/strong><\/em>, Bibi (Juliana Paes) passa por cima de seu orgulho e procura Caio (Rodrigo Lombardi) ao pedir que tire seu marido da cadeia. O advogado reage surpreso \u00e0 visita da ex em seu escrit\u00f3rio, lembra que seguiu Bibi na noite em que eles terminaram e a viu nos bra\u00e7os de Rubinho (Emilio Dantas). Caio fica pensativo e resolve ajudar Rubinho. O marido de Bibi recebe a visita do advogado na cadeia e mente ao dizer que \u00e9 inocente. <\/p>\n<p>Sarc\u00e1stico, Caio recomenda que no primeiro culto no pres\u00eddio, ele pe\u00e7a para ser benzido, pois a falta de sorte dele impressiona. Rubinho retruca que, quando as coisas come\u00e7am a dar para tr\u00e1s, ningu\u00e9m segura e que seu azar foi a tal da PM. Ele se refere a Jeiza (Paolla Oliveira). Caio afirma que j\u00e1 est\u00e1 com o nome dela e que vai procura-l\u00e1.<\/p>\n<p>Cenas previstas nos resumos dos cap\u00edtulos da novela \u201cA For\u00e7a do Querer\u201d.<\/p>\n<p>Sinopse \u201cA For\u00e7a do Querer\u201d: esta \u00e9 a hist\u00f3ria de Rita (Isis Valverde), uma jovem apaixonada por si mesmo e que adora sentir o fasc\u00ednio que exerce sobre os homens &#8211; assim como as sereias. Zeca (Marco Pigossi) \u00e9 caminhoneiro rude, passional e com um cora\u00e7\u00e3o enorme. Trabalhador, nunca se deixou levar pelos coment\u00e1rios maldosos sobre a personalidade de Rita. Apaixonado pela gata, fica arrasado ao saber de seu envolvimento com Ruy. Orgulhoso, se muda para o Rio de Janeiro para recome\u00e7ar a vida e se aproxima de Jeiza. Ruy (Fiuk) \u00e9 o filho de Eug\u00eanio e Joyce. Est\u00e1 sendo treinado para substituir o pai na empresa da fam\u00edlia. Noivo de Cibele, se encanta por Rita durante uma viagem ao Par\u00e1. <\/p>\n","protected":false},"excerpt":{"rendered":"<p>Na novela \u201cA For\u00e7a do Querer\u201d, Bibi (Juliana Paes) passa por cima de seu orgulho e procura Caio (Rodrigo Lombardi) ao pedir que tire seu marido da cadeia. O advogado reage surpreso \u00e0 visita da ex em seu escrit\u00f3rio, lembra que seguiu Bibi na noite em que eles terminaram e a viu nos bra\u00e7os de [&hellip;]<\/p>\n","protected":false},"author":2,"featured_media":198237,"comment_status":"closed","ping_status":"closed","sticky":false,"template":"","format":"standard","meta":{"tdm_status":"","tdm_grid_status":"","footnotes":""},"categories":[2027,379,375,343],"tags":[440],"class_list":{"0":"post-198234","1":"post","2":"type-post","3":"status-publish","4":"format-standard","5":"has-post-thumbnail","7":"category-a-forca-do-querer","8":"category-novelas","9":"category-rede-globo","10":"category-televisao","11":"tag-noticia-novela"},"_links":{"self":[{"href":"https:\/\/migracao.redenoticia.com.br\/noticia\/wp-json\/wp\/v2\/posts\/198234","targetHints":{"allow":["GET"]}}],"collection":[{"href":"https:\/\/migracao.redenoticia.com.br\/noticia\/wp-json\/wp\/v2\/posts"}],"about":[{"href":"https:\/\/migracao.redenoticia.com.br\/noticia\/wp-json\/wp\/v2\/types\/post"}],"author":[{"embeddable":true,"href":"https:\/\/migracao.redenoticia.com.br\/noticia\/wp-json\/wp\/v2\/users\/2"}],"replies":[{"embeddable":true,"href":"https:\/\/migracao.redenoticia.com.br\/noticia\/wp-json\/wp\/v2\/comments?post=198234"}],"version-history":[{"count":0,"href":"https:\/\/migracao.redenoticia.com.br\/noticia\/wp-json\/wp\/v2\/posts\/198234\/revisions"}],"wp:featuredmedia":[{"embeddable":true,"href":"https:\/\/migracao.redenoticia.com.br\/noticia\/wp-json\/wp\/v2\/media\/198237"}],"wp:attachment":[{"href":"https:\/\/migracao.redenoticia.com.br\/noticia\/wp-json\/wp\/v2\/media?parent=198234"}],"wp:term":[{"taxonomy":"category","embeddable":true,"href":"https:\/\/migracao.redenoticia.com.br\/noticia\/wp-json\/wp\/v2\/categories?post=198234"},{"taxonomy":"post_tag","embeddable":true,"href":"https:\/\/migracao.redenoticia.com.br\/noticia\/wp-json\/wp\/v2\/tags?post=198234"}],"curies":[{"name":"wp","href":"https:\/\/api.w.org\/{rel}","templated":true}]}}