{"id":198296,"date":"2020-09-23T19:26:51","date_gmt":"2020-09-23T22:26:51","guid":{"rendered":"https:\/\/www.redenoticia.com.br\/noticia\/?p=198296"},"modified":"2020-09-23T19:26:51","modified_gmt":"2020-09-23T22:26:51","slug":"resumo-quando-me-apaixono-24-09-renata-pergunta-se-roberta-namorou-rafael","status":"publish","type":"post","link":"https:\/\/migracao.redenoticia.com.br\/noticia\/2020\/resumo-quando-me-apaixono-24-09-renata-pergunta-se-roberta-namorou-rafael\/198296","title":{"rendered":"Resumo \u201cQuando me Apaixono\u201d 24\/09: Renata pergunta se Roberta namorou Rafael"},"content":{"rendered":"<p><img loading=\"lazy\" decoding=\"async\" class=\"aligncenter size-full wp-image-195889\" src=\"https:\/\/migracao.redenoticia.com.br\/noticia\/imagens\/quando-me-apaixono-elenco.jpg\" alt=\"\" width=\"1280\" height=\"720\" srcset=\"https:\/\/migracao.redenoticia.com.br\/noticia\/imagens\/quando-me-apaixono-elenco.jpg 1280w, https:\/\/migracao.redenoticia.com.br\/noticia\/imagens\/quando-me-apaixono-elenco-250x140.jpg 250w, https:\/\/migracao.redenoticia.com.br\/noticia\/imagens\/quando-me-apaixono-elenco-400x225.jpg 400w, https:\/\/migracao.redenoticia.com.br\/noticia\/imagens\/quando-me-apaixono-elenco-768x432.jpg 768w, https:\/\/migracao.redenoticia.com.br\/noticia\/imagens\/quando-me-apaixono-elenco-150x85.jpg 150w, https:\/\/migracao.redenoticia.com.br\/noticia\/imagens\/quando-me-apaixono-elenco-696x392.jpg 696w, https:\/\/migracao.redenoticia.com.br\/noticia\/imagens\/quando-me-apaixono-elenco-1068x601.jpg 1068w\" sizes=\"auto, (max-width: 1280px) 100vw, 1280px\" \/><\/p>\n<p><strong><em>Resumo da novela \u201cQuando me Apaixono\u201d<\/em><\/strong> em 24\/09: no cap\u00edtulo 049(*) da novela, Renata fica intrigada ao ver o nome de Roberta na \u00e1rvore da fazenda, por\u00e9m Augusto pede que ela se lembre se h\u00e1 alguma evid\u00eancia que ligue sua irm\u00e3 Roberta a Rafael. A jovem se lembra do \u00faltimo encontro que teve com Rafael. O detetive tem cada vez mais provas contra Josefina \u00c1lvarez, por isso decide viajar para a cidade onde a mulher morou por anos antes de se casar com Gon\u00e7alo Monterrubio. Hon\u00f3rio reclama com Roberta sobre o envio das fotos da esposa.<\/p>\n<p>In\u00e9s encontra Regina e Dona Carla no hospital, quando o m\u00e9dico avisa que seu filho provavelmente n\u00e3o ser\u00e1 salvo. Enquanto isso, chegam v\u00e1rios amigos de Andrezito e Isidro acorda o menino para ver o apoio de todas as pessoas que o amam. L\u00e1zaro decide falar com Jer\u00f3nimo e lhe diz que quer sair de A Bonita porque Karina voltou com o Dr. Neves. Jer\u00f3nimo decide fazer uma proposta para que ele n\u00e3o saia da fazenda.<\/p>\n<p>Renata liga para Roberta e pergunta se ela tinha um relacionamento com Rafael Guti\u00e9rrez, o que ela nega completamente e decide desligar o telefone na cara da irm\u00e3. Aurora est\u00e1 muito triste porque est\u00e1 prestes a deixar &#8216;Cruz De Amor&#8217; e retornar ao M\u00e9xico. <\/p>\n<p>(*) edi\u00e7\u00e3o das novelas do SBT, \u201cQuando me Apaixono \u201d, sujeito a altera\u00e7\u00e3o de data e conte\u00fado.<\/p>\n<p>Sinopse \u201cQuando me Apaixono\u201d: A hist\u00f3ria come\u00e7a com o nascimento de duas meninas, Regina e Roberta; ambas s\u00e3o filhas de Roberto Gamba (Sebasti\u00e1n Rulli), mas de m\u00e3es diferentes. Enquanto Regina \u00e9 filha de Regina Sober\u00f3n Gamba (Lidia \u00c1vila\/Julieta Rosen), a esposa leg\u00edtima de Roberto, Roberta \u00e9 filha de Josefina &#8220;Pepa&#8221; \u00c1lvarez Mart\u00ednez (Margarita Maga\u00f1a\/Roc\u00edo Banquells), a amante de Roberto.<\/p>\n<p>Quando Roberto diz a Pepa que n\u00e3o vai deixar sua esposa e sua filha Regina, aquela, cheia de raiva depois de causar a morte de Roberto, decide raptar a filha de Regina para se vingar dela e faz\u00ea-la sofrer. Pepa muda o nome de Regina para Renata e foge com as duas meninas, deixando Regina despeda\u00e7ada pela perda de sua filha.<\/p>\n","protected":false},"excerpt":{"rendered":"<p>Resumo da novela \u201cQuando me Apaixono\u201d em 24\/09: no cap\u00edtulo 049(*) da novela, Renata fica intrigada ao ver o nome de Roberta na \u00e1rvore da fazenda, por\u00e9m Augusto pede que ela se lembre se h\u00e1 alguma evid\u00eancia que ligue sua irm\u00e3 Roberta a Rafael. A jovem se lembra do \u00faltimo encontro que teve com Rafael. [&hellip;]<\/p>\n","protected":false},"author":2,"featured_media":195893,"comment_status":"closed","ping_status":"closed","sticky":false,"template":"","format":"standard","meta":{"tdm_status":"","tdm_grid_status":"","footnotes":""},"categories":[379,2028,2025,372,343],"tags":[441],"class_list":{"0":"post-198296","1":"post","2":"type-post","3":"status-publish","4":"format-standard","5":"has-post-thumbnail","7":"category-novelas","8":"category-quando-me-apaixono","9":"category-resumo","10":"category-sbt","11":"category-televisao","12":"tag-resumo-do-dia"},"_links":{"self":[{"href":"https:\/\/migracao.redenoticia.com.br\/noticia\/wp-json\/wp\/v2\/posts\/198296","targetHints":{"allow":["GET"]}}],"collection":[{"href":"https:\/\/migracao.redenoticia.com.br\/noticia\/wp-json\/wp\/v2\/posts"}],"about":[{"href":"https:\/\/migracao.redenoticia.com.br\/noticia\/wp-json\/wp\/v2\/types\/post"}],"author":[{"embeddable":true,"href":"https:\/\/migracao.redenoticia.com.br\/noticia\/wp-json\/wp\/v2\/users\/2"}],"replies":[{"embeddable":true,"href":"https:\/\/migracao.redenoticia.com.br\/noticia\/wp-json\/wp\/v2\/comments?post=198296"}],"version-history":[{"count":0,"href":"https:\/\/migracao.redenoticia.com.br\/noticia\/wp-json\/wp\/v2\/posts\/198296\/revisions"}],"wp:featuredmedia":[{"embeddable":true,"href":"https:\/\/migracao.redenoticia.com.br\/noticia\/wp-json\/wp\/v2\/media\/195893"}],"wp:attachment":[{"href":"https:\/\/migracao.redenoticia.com.br\/noticia\/wp-json\/wp\/v2\/media?parent=198296"}],"wp:term":[{"taxonomy":"category","embeddable":true,"href":"https:\/\/migracao.redenoticia.com.br\/noticia\/wp-json\/wp\/v2\/categories?post=198296"},{"taxonomy":"post_tag","embeddable":true,"href":"https:\/\/migracao.redenoticia.com.br\/noticia\/wp-json\/wp\/v2\/tags?post=198296"}],"curies":[{"name":"wp","href":"https:\/\/api.w.org\/{rel}","templated":true}]}}