{"id":1983,"date":"2009-05-25T15:10:47","date_gmt":"2009-05-25T19:10:47","guid":{"rendered":"http:\/\/www.redenoticia.com.br\/noticia\/?p=1983"},"modified":"2009-05-25T15:10:47","modified_gmt":"2009-05-25T19:10:47","slug":"presidente-do-ipea-defende-sistema-publico-para-qualificacao-profissional","status":"publish","type":"post","link":"https:\/\/migracao.redenoticia.com.br\/noticia\/2009\/presidente-do-ipea-defende-sistema-publico-para-qualificacao-profissional\/1983","title":{"rendered":"Presidente do Ipea defende sistema p\u00fablico para qualifica\u00e7\u00e3o profissional"},"content":{"rendered":"<p class=\"MsoNormal\"><span style=\"font-size: 9pt; font-family: Arial;\"><\/span><span style=\"font-size: 9pt; font-family: Arial;\">A constitui\u00e7\u00e3o de um sistema p\u00fablico de empregos que promova a qualifica\u00e7\u00e3o dos trabalhadores \u00e9 um desafio que o Brasil precisa encarar. A opini\u00e3o \u00e9 do presidente do Instituto de Pesquisa Econ\u00f4mica Aplicada (Ipea), Marcio Pochmann. <\/span><\/p>\n<p class=\"MsoNormal\"><span style=\"font-size: 9pt; font-family: Arial;\">Na avalia\u00e7\u00e3o de M\u00e1rcio Pochmann, a escassez de m\u00e3o de obra para determinados segmentos representa um cen\u00e1rio que coloca em xeque o pr\u00f3prio sistema de forma\u00e7\u00e3o brasileiro que, antes mesmo da crise financeira internacional, n\u00e3o conseguia fazer com que as exig\u00eancias do sistema patronal fossem atendidas em termos de m\u00e3o de obra qualificada.<\/span><\/p>\n<p class=\"MsoNormal\"><span style=\"font-size: 9pt; font-family: Arial;\">\u201cIsso se deve, de um lado, ao fato de n\u00e3o termos constitu\u00eddo no Brasil um bom sistema que integrasse os esfor\u00e7os que faz o setor privado, atrav\u00e9s do Senai [Servi\u00e7o Nacional de Aprendizagem Industrial], por exemplo, com os esfor\u00e7os que faz o pr\u00f3prio setor p\u00fablico, atrav\u00e9s das escolas t\u00e9cnicas e dos programas de qualifica\u00e7\u00e3o do governo federal, governos estaduais e municipais\u201d, enfatizou.<\/span><\/p>\n<p class=\"MsoNormal\"><span style=\"font-size: 9pt; font-family: Arial;\">Para o presidente do Ipea, em meio \u00e0 situa\u00e7\u00e3o de crise econ\u00f4mica internacional, a qualifica\u00e7\u00e3o profissional \u00e9 ainda mais urgente. Segundo Pochmann, dentro do universo de pessoas desempregadas h\u00e1\u00a0 um grande efetivo de indiv\u00edduos com baixa escolaridade, o que tamb\u00e9m contribui para o desemprego.<\/p>\n<p>\u201cO tema da qualifica\u00e7\u00e3o profissional se apresenta de forma mais urgente porque h\u00e1 uma reestrutura\u00e7\u00e3o nas contrata\u00e7\u00f5es, tendo em vista as limita\u00e7\u00f5es que as empresas est\u00e3o vivendo. A qualifica\u00e7\u00e3o \u00e9 um dos pr\u00e9-requisitos para enfrentamento do desemprego no Brasil. Superaremos o desemprego quando, de um lado, conseguirmos gerar mais empregos e, de outro, quando prepararmos melhor essa m\u00e3o de obra\u201d, concluiu.<\/p>\n<p>Segundo a pesquisa do Instituto Brasileiro de Geografia e Estat\u00edstica (IBGE), divulgada na \u00faltima sexta-feira (22), mais de 60% dos 8 milh\u00f5es de trabalhadores que estavam desocupados em 2007 nunca tinham frequentado cursos de educa\u00e7\u00e3o profissional, segmento que inclui aulas de qualifica\u00e7\u00e3o para o trabalho, curso t\u00e9cnico de n\u00edvel m\u00e9dio e gradua\u00e7\u00e3o tecnol\u00f3gica.<\/span><\/p>\n<p class=\"MsoNormal\" style=\"margin-bottom: 12pt;\"><span style=\"font-size: 9pt; font-family: Arial;\">Amanda Mota<br \/>\n<em>Rep\u00f3rter da Ag\u00eancia Brasil<\/em> <\/span><\/p>\n","protected":false},"excerpt":{"rendered":"<p>A constitui\u00e7\u00e3o de um sistema p\u00fablico de empregos que promova a qualifica\u00e7\u00e3o dos trabalhadores \u00e9 um desafio que o Brasil precisa encarar. A opini\u00e3o \u00e9 do presidente do Instituto de Pesquisa Econ\u00f4mica Aplicada (Ipea), Marcio Pochmann. Na avalia\u00e7\u00e3o de M\u00e1rcio Pochmann, a escassez de m\u00e3o de obra para determinados segmentos representa um cen\u00e1rio que coloca [&hellip;]<\/p>\n","protected":false},"author":3,"featured_media":0,"comment_status":"open","ping_status":"open","sticky":false,"template":"","format":"standard","meta":{"tdm_status":"","tdm_grid_status":"","footnotes":""},"categories":[22],"tags":[],"class_list":{"0":"post-1983","1":"post","2":"type-post","3":"status-publish","4":"format-standard","6":"category-brasil"},"_links":{"self":[{"href":"https:\/\/migracao.redenoticia.com.br\/noticia\/wp-json\/wp\/v2\/posts\/1983","targetHints":{"allow":["GET"]}}],"collection":[{"href":"https:\/\/migracao.redenoticia.com.br\/noticia\/wp-json\/wp\/v2\/posts"}],"about":[{"href":"https:\/\/migracao.redenoticia.com.br\/noticia\/wp-json\/wp\/v2\/types\/post"}],"author":[{"embeddable":true,"href":"https:\/\/migracao.redenoticia.com.br\/noticia\/wp-json\/wp\/v2\/users\/3"}],"replies":[{"embeddable":true,"href":"https:\/\/migracao.redenoticia.com.br\/noticia\/wp-json\/wp\/v2\/comments?post=1983"}],"version-history":[{"count":0,"href":"https:\/\/migracao.redenoticia.com.br\/noticia\/wp-json\/wp\/v2\/posts\/1983\/revisions"}],"wp:attachment":[{"href":"https:\/\/migracao.redenoticia.com.br\/noticia\/wp-json\/wp\/v2\/media?parent=1983"}],"wp:term":[{"taxonomy":"category","embeddable":true,"href":"https:\/\/migracao.redenoticia.com.br\/noticia\/wp-json\/wp\/v2\/categories?post=1983"},{"taxonomy":"post_tag","embeddable":true,"href":"https:\/\/migracao.redenoticia.com.br\/noticia\/wp-json\/wp\/v2\/tags?post=1983"}],"curies":[{"name":"wp","href":"https:\/\/api.w.org\/{rel}","templated":true}]}}