{"id":198366,"date":"2020-09-25T12:12:39","date_gmt":"2020-09-25T15:12:39","guid":{"rendered":"https:\/\/www.redenoticia.com.br\/noticia\/?p=198366"},"modified":"2020-09-25T12:12:39","modified_gmt":"2020-09-25T15:12:39","slug":"resumo-totalmente-demais-26-09-rosangela-nao-aceita-se-casar-com-florisval","status":"publish","type":"post","link":"https:\/\/migracao.redenoticia.com.br\/noticia\/2020\/resumo-totalmente-demais-26-09-rosangela-nao-aceita-se-casar-com-florisval\/198366","title":{"rendered":"Resumo \u201cTotalmente Demais\u201d 26\/09: Ros\u00e2ngela n\u00e3o aceita se casar com Florisval"},"content":{"rendered":"<p><img loading=\"lazy\" decoding=\"async\" class=\"aligncenter size-full wp-image-195457\" src=\"https:\/\/migracao.redenoticia.com.br\/noticia\/imagens\/totalmente-demais-eliza-arthur-carol-jonatas.jpg\" alt=\"\" width=\"1280\" height=\"720\" srcset=\"https:\/\/migracao.redenoticia.com.br\/noticia\/imagens\/totalmente-demais-eliza-arthur-carol-jonatas.jpg 1280w, https:\/\/migracao.redenoticia.com.br\/noticia\/imagens\/totalmente-demais-eliza-arthur-carol-jonatas-250x140.jpg 250w, https:\/\/migracao.redenoticia.com.br\/noticia\/imagens\/totalmente-demais-eliza-arthur-carol-jonatas-400x225.jpg 400w, https:\/\/migracao.redenoticia.com.br\/noticia\/imagens\/totalmente-demais-eliza-arthur-carol-jonatas-768x432.jpg 768w, https:\/\/migracao.redenoticia.com.br\/noticia\/imagens\/totalmente-demais-eliza-arthur-carol-jonatas-150x85.jpg 150w, https:\/\/migracao.redenoticia.com.br\/noticia\/imagens\/totalmente-demais-eliza-arthur-carol-jonatas-696x392.jpg 696w, https:\/\/migracao.redenoticia.com.br\/noticia\/imagens\/totalmente-demais-eliza-arthur-carol-jonatas-1068x601.jpg 1068w\" sizes=\"auto, (max-width: 1280px) 100vw, 1280px\" \/><\/p>\n<p><em><strong>Resumo da novela \u201cTotalmente Demais\u201d<\/strong><\/em> em 26\/09: no cap\u00edtulo 156(*) da novela, Liara repreende Claudia por n\u00e3o contar a Carolina a verdade sobre Gabriel. Eliza diz a Jonatas que decidiu ir para Paris. Arthur prestigia Carolina na inaugura\u00e7\u00e3o de seu brech\u00f3. Leila resiste \u00e0 sedu\u00e7\u00e3o de Rafael. Ros\u00e2ngela surpreende ao n\u00e3o aceitar o pedido de casamento que Florisval lhe faz em p\u00fablico. Montanha e Maristela se beijam. Ros\u00e2ngela confessa aos filhos que n\u00e3o acredita em Florisval. Germano escuta Rafael falar com Lili sobre sua gravidez.<\/p>\n<p>(*) edi\u00e7\u00e3o das novelas da Globo, \u201cTotalmente Demais\u201d, sujeito a altera\u00e7\u00e3o de data e conte\u00fado.<\/p>\n<p>Sinopse \u201cTotalmente Demais\u201d: Eliza (Marina Ruy Barbosa) \u00e9 uma jovem de 18 anos que foge de casa, em Campo Claro, cidade fict\u00edcia do interior fluminense, ap\u00f3s ser assediada por parte do seu padrasto Dino (Paulo Rocha). Ela n\u00e3o conheceu o pai, e sua m\u00e3e, Gilda (Leona Cavalli), diz que ele era um caminhoneiro que foi embora nas estradas. O sonho dela \u00e9 conhecer esse pai e tirar a fam\u00edlia da situa\u00e7\u00e3o dif\u00edcil em que vivem. A m\u00e3e se casou com o Dino e teve mais dois filhos.<\/p>\n<p>Quando Eliza era crian\u00e7a, se dava bem com Dino, mas depois que cresceu come\u00e7ou a bater muito de frente com o padrasto. Assim que ela chega ao Rio de Janeiro, ela vai para uma pens\u00e3o, mas \u00e9 roubada. Sem op\u00e7\u00e3o, a jovem passa a morar nas ruas, e conhece Jonatas (Felipe Simas), que vende balas nos sem\u00e1foros da Lapa para ajudar sua fam\u00edlia, que vive na zona oeste da capital fluminense.<\/p>\n","protected":false},"excerpt":{"rendered":"<p>Resumo da novela \u201cTotalmente Demais\u201d em 26\/09: no cap\u00edtulo 156(*) da novela, Liara repreende Claudia por n\u00e3o contar a Carolina a verdade sobre Gabriel. Eliza diz a Jonatas que decidiu ir para Paris. Arthur prestigia Carolina na inaugura\u00e7\u00e3o de seu brech\u00f3. Leila resiste \u00e0 sedu\u00e7\u00e3o de Rafael. Ros\u00e2ngela surpreende ao n\u00e3o aceitar o pedido de [&hellip;]<\/p>\n","protected":false},"author":4,"featured_media":197369,"comment_status":"closed","ping_status":"closed","sticky":false,"template":"","format":"standard","meta":{"tdm_status":"","tdm_grid_status":"","footnotes":""},"categories":[379,375,2025,343,556],"tags":[441],"class_list":{"0":"post-198366","1":"post","2":"type-post","3":"status-publish","4":"format-standard","5":"has-post-thumbnail","7":"category-novelas","8":"category-rede-globo","9":"category-resumo","10":"category-televisao","11":"category-totalmente-demais","12":"tag-resumo-do-dia"},"_links":{"self":[{"href":"https:\/\/migracao.redenoticia.com.br\/noticia\/wp-json\/wp\/v2\/posts\/198366","targetHints":{"allow":["GET"]}}],"collection":[{"href":"https:\/\/migracao.redenoticia.com.br\/noticia\/wp-json\/wp\/v2\/posts"}],"about":[{"href":"https:\/\/migracao.redenoticia.com.br\/noticia\/wp-json\/wp\/v2\/types\/post"}],"author":[{"embeddable":true,"href":"https:\/\/migracao.redenoticia.com.br\/noticia\/wp-json\/wp\/v2\/users\/4"}],"replies":[{"embeddable":true,"href":"https:\/\/migracao.redenoticia.com.br\/noticia\/wp-json\/wp\/v2\/comments?post=198366"}],"version-history":[{"count":0,"href":"https:\/\/migracao.redenoticia.com.br\/noticia\/wp-json\/wp\/v2\/posts\/198366\/revisions"}],"wp:featuredmedia":[{"embeddable":true,"href":"https:\/\/migracao.redenoticia.com.br\/noticia\/wp-json\/wp\/v2\/media\/197369"}],"wp:attachment":[{"href":"https:\/\/migracao.redenoticia.com.br\/noticia\/wp-json\/wp\/v2\/media?parent=198366"}],"wp:term":[{"taxonomy":"category","embeddable":true,"href":"https:\/\/migracao.redenoticia.com.br\/noticia\/wp-json\/wp\/v2\/categories?post=198366"},{"taxonomy":"post_tag","embeddable":true,"href":"https:\/\/migracao.redenoticia.com.br\/noticia\/wp-json\/wp\/v2\/tags?post=198366"}],"curies":[{"name":"wp","href":"https:\/\/api.w.org\/{rel}","templated":true}]}}