{"id":198448,"date":"2020-09-28T14:31:00","date_gmt":"2020-09-28T17:31:00","guid":{"rendered":"https:\/\/www.redenoticia.com.br\/noticia\/?p=198448"},"modified":"2020-09-28T14:35:44","modified_gmt":"2020-09-28T17:35:44","slug":"resumo-o-que-a-vida-me-roubou-29-09-adolfo-mata-monica","status":"publish","type":"post","link":"https:\/\/migracao.redenoticia.com.br\/noticia\/2020\/resumo-o-que-a-vida-me-roubou-29-09-adolfo-mata-monica\/198448","title":{"rendered":"Resumo \u201cO Que A Vida Me Roubou\u201d 29\/09: Adolfo mata M\u00f4nica"},"content":{"rendered":"<p> <img loading=\"lazy\" decoding=\"async\" class=\"aligncenter size-full wp-image-195880\" src=\"https:\/\/migracao.redenoticia.com.br\/noticia\/imagens\/o-que-a-vida-me-roubou-resumo-sinopse.jpg\" alt=\"\" width=\"1280\" height=\"720\" srcset=\"https:\/\/migracao.redenoticia.com.br\/noticia\/imagens\/o-que-a-vida-me-roubou-resumo-sinopse.jpg 1280w, https:\/\/migracao.redenoticia.com.br\/noticia\/imagens\/o-que-a-vida-me-roubou-resumo-sinopse-250x140.jpg 250w, https:\/\/migracao.redenoticia.com.br\/noticia\/imagens\/o-que-a-vida-me-roubou-resumo-sinopse-400x225.jpg 400w, https:\/\/migracao.redenoticia.com.br\/noticia\/imagens\/o-que-a-vida-me-roubou-resumo-sinopse-768x432.jpg 768w, https:\/\/migracao.redenoticia.com.br\/noticia\/imagens\/o-que-a-vida-me-roubou-resumo-sinopse-150x85.jpg 150w, https:\/\/migracao.redenoticia.com.br\/noticia\/imagens\/o-que-a-vida-me-roubou-resumo-sinopse-696x392.jpg 696w, https:\/\/migracao.redenoticia.com.br\/noticia\/imagens\/o-que-a-vida-me-roubou-resumo-sinopse-1068x601.jpg 1068w\" sizes=\"auto, (max-width: 1280px) 100vw, 1280px\" \/><\/p>\n<p><strong><em>Resumo da novela \u201cO Que A Vida Me Roubou\u201d<\/em><\/strong> em 29\/09: no cap\u00edtulo 117(*) da novela, M\u00f4nica descobre que Adolfo \u00e9 o Escorpi\u00e3o. Ao se sentir desmascarado e encurralado, Adolfo dispara contra a mo\u00e7a. Graziela diz a Mac\u00e1rio que n\u00e3o sabe o que fazer para ajudar suas filhas, pois tem em suas m\u00e3os o verdadeiro testamento de Benjamin. Se o entrega devolver\u00e1 a felicidade a Montserrat, por\u00e9m destruir\u00e1 Fab\u00edola. Mac\u00e1rio fica at\u00f4nito e n\u00e3o sabe o que responder. Maria \u00e9 interrogada pelo juiz sobre o envenenamento de seu patr\u00e3o, Benjamin Almonte, crime do qual \u00e9 acusada de ser c\u00famplice. Maria nega tudo e acusa Pedro Medina de querer mat\u00e1-la. Graziela chega ao vel\u00f3rio para consolar o filho pela morte de sua namorada, mas Dem\u00e9trio a rejeita, diz que precisa do consolo de uma m\u00e3e e abra\u00e7a Ros\u00e1rio. Montserrat pede \u00e0 m\u00e3e que v\u00e1 embora, porque Dem\u00e9trio n\u00e3o se sente bem.<\/p>\n<p>Jos\u00e9 Lu\u00eds se sente incomodado quando Alessandro chega e se aproxima para cumprimentar Montserrat. Am\u00e9lia vai at\u00e9 a casa de Pedro e pede que a deixe levar N\u00e1dia para visitar Josefina. Vitor n\u00e3o cabe em si de felicidade ao encontrar N\u00e1dia e Vit\u00f3ria. Eles aproveitam que Pedro est\u00e1 no vel\u00f3rio para curtirem o momento. Adolfo e Josefina v\u00e3o at\u00e9 o vel\u00f3rio para consolar Dem\u00e9trio. Graziela relembra v\u00e1rios momentos ao lado de Benjamim nos quais ele afirma que ela n\u00e3o nasceu para ser m\u00e3e, pois estava feita apenas para satisfazer um homem como ele. Tamb\u00e9m relembra o dia em que ele disse que ela estava enganada se pensava que com um filho conseguiria com que ele se casasse com ela. Mac\u00e1rio aconselha Alessandro a procurar Graziela, pois \u00e9 poss\u00edvel que ela esteja com o testamento de seu pai.<\/p>\n<p>(*) edi\u00e7\u00e3o das novelas do SBT, \u201cO Que A Vida Me Roubou\u201d, sujeito a altera\u00e7\u00e3o de data e conte\u00fado.<\/p>\n<p>Sinopse \u201cO Que A Vida Me Roubou\u201d: A hist\u00f3ria se passa em \u00c1gua Azul, onde Montserrat vive. Montserrat \u00e9 uma bela jovem socialite que sempre foi dominada por sua m\u00e3e Graziela, cuja \u00fanica preocupa\u00e7\u00e3o \u00e9 o seu elevado estatuto na sociedade, mesmo que a fam\u00edlia esteja financeiramente arruinada. Montserrat, apesar de fazer tudo o que sua m\u00e3e diz-lhe, secretamente mant\u00e9m um relacionamento com Jos\u00e9 Luis da marinha, com quem planeja se casar.<\/p>\n","protected":false},"excerpt":{"rendered":"<p>Resumo da novela \u201cO Que A Vida Me Roubou\u201d em 29\/09: no cap\u00edtulo 117(*) da novela, M\u00f4nica descobre que Adolfo \u00e9 o Escorpi\u00e3o. Ao se sentir desmascarado e encurralado, Adolfo dispara contra a mo\u00e7a. Graziela diz a Mac\u00e1rio que n\u00e3o sabe o que fazer para ajudar suas filhas, pois tem em suas m\u00e3os o verdadeiro [&hellip;]<\/p>\n","protected":false},"author":2,"featured_media":197370,"comment_status":"closed","ping_status":"closed","sticky":false,"template":"","format":"standard","meta":{"tdm_status":"","tdm_grid_status":"","footnotes":""},"categories":[379,2025,372,343],"tags":[441],"class_list":{"0":"post-198448","1":"post","2":"type-post","3":"status-publish","4":"format-standard","5":"has-post-thumbnail","7":"category-novelas","8":"category-resumo","9":"category-sbt","10":"category-televisao","11":"tag-resumo-do-dia"},"_links":{"self":[{"href":"https:\/\/migracao.redenoticia.com.br\/noticia\/wp-json\/wp\/v2\/posts\/198448","targetHints":{"allow":["GET"]}}],"collection":[{"href":"https:\/\/migracao.redenoticia.com.br\/noticia\/wp-json\/wp\/v2\/posts"}],"about":[{"href":"https:\/\/migracao.redenoticia.com.br\/noticia\/wp-json\/wp\/v2\/types\/post"}],"author":[{"embeddable":true,"href":"https:\/\/migracao.redenoticia.com.br\/noticia\/wp-json\/wp\/v2\/users\/2"}],"replies":[{"embeddable":true,"href":"https:\/\/migracao.redenoticia.com.br\/noticia\/wp-json\/wp\/v2\/comments?post=198448"}],"version-history":[{"count":0,"href":"https:\/\/migracao.redenoticia.com.br\/noticia\/wp-json\/wp\/v2\/posts\/198448\/revisions"}],"wp:featuredmedia":[{"embeddable":true,"href":"https:\/\/migracao.redenoticia.com.br\/noticia\/wp-json\/wp\/v2\/media\/197370"}],"wp:attachment":[{"href":"https:\/\/migracao.redenoticia.com.br\/noticia\/wp-json\/wp\/v2\/media?parent=198448"}],"wp:term":[{"taxonomy":"category","embeddable":true,"href":"https:\/\/migracao.redenoticia.com.br\/noticia\/wp-json\/wp\/v2\/categories?post=198448"},{"taxonomy":"post_tag","embeddable":true,"href":"https:\/\/migracao.redenoticia.com.br\/noticia\/wp-json\/wp\/v2\/tags?post=198448"}],"curies":[{"name":"wp","href":"https:\/\/api.w.org\/{rel}","templated":true}]}}