{"id":198464,"date":"2020-09-28T14:37:32","date_gmt":"2020-09-28T17:37:32","guid":{"rendered":"https:\/\/www.redenoticia.com.br\/noticia\/?p=198464"},"modified":"2020-09-28T14:37:32","modified_gmt":"2020-09-28T17:37:32","slug":"resumo-quando-me-apaixono-29-09-jeronimo-e-arrastado-por-uma-avalanche","status":"publish","type":"post","link":"https:\/\/migracao.redenoticia.com.br\/noticia\/2020\/resumo-quando-me-apaixono-29-09-jeronimo-e-arrastado-por-uma-avalanche\/198464","title":{"rendered":"Resumo \u201cQuando me Apaixono\u201d 29\/09: Jer\u00f4nimo \u00e9 arrastado por uma avalanche"},"content":{"rendered":"<p> <img loading=\"lazy\" decoding=\"async\" class=\"aligncenter size-full wp-image-195889\" src=\"https:\/\/migracao.redenoticia.com.br\/noticia\/imagens\/quando-me-apaixono-elenco.jpg\" alt=\"\" width=\"1280\" height=\"720\" srcset=\"https:\/\/migracao.redenoticia.com.br\/noticia\/imagens\/quando-me-apaixono-elenco.jpg 1280w, https:\/\/migracao.redenoticia.com.br\/noticia\/imagens\/quando-me-apaixono-elenco-250x140.jpg 250w, https:\/\/migracao.redenoticia.com.br\/noticia\/imagens\/quando-me-apaixono-elenco-400x225.jpg 400w, https:\/\/migracao.redenoticia.com.br\/noticia\/imagens\/quando-me-apaixono-elenco-768x432.jpg 768w, https:\/\/migracao.redenoticia.com.br\/noticia\/imagens\/quando-me-apaixono-elenco-150x85.jpg 150w, https:\/\/migracao.redenoticia.com.br\/noticia\/imagens\/quando-me-apaixono-elenco-696x392.jpg 696w, https:\/\/migracao.redenoticia.com.br\/noticia\/imagens\/quando-me-apaixono-elenco-1068x601.jpg 1068w\" sizes=\"auto, (max-width: 1280px) 100vw, 1280px\" \/><\/p>\n<p><strong><em>Resumo da novela \u201cQuando me Apaixono\u201d<\/em><\/strong> em 29\/09: no cap\u00edtulo 052(*) da novela, Constan\u00e7a encontra C\u00e9sar e ele a faz perceber que quem tirou as fotos foram Selena e Roberta. A infec\u00e7\u00e3o de Roberta est\u00e1 controlada, por\u00e9m o m\u00e9dico informa a ela e \u00e0 m\u00e3e que ela n\u00e3o poder\u00e1 ter filhos novamente, pois seus sintomas n\u00e3o foram tratados a tempo. Jer\u00f4nimo sai \u00e0 procura de Renata e a encontra no meio da estrada, mas justo quando desce para procur\u00e1-la, uma avalanche de \u00e1gua e terra cai sobre ele, que afunda completamente na \u00e1gua.<\/p>\n<p>Andrezito ainda est\u00e1 internado, mas seu pai consegue um telefone para que ele possa se comunicar com sua m\u00e3e. Ant\u00f4nio tem alta e est\u00e1 preocupado, como Dona Carla, por n\u00e3o saber nada sobre Regina. Josefina e Roberta est\u00e3o no mesmo hospital que Andrezito, ent\u00e3o In\u00e9s a v\u00ea e descobre, pela enfermeira, que uma de suas filhas perdeu o beb\u00ea. Josefina decide ligar para Gon\u00e7alo e avisa que elas v\u00e3o ficar em um spa para justificar que n\u00e3o v\u00e3o dormir em casa.<\/p>\n<p>L\u00e1zaro resgata Jer\u00f4nimo e Renata aplica os primeiros socorros. Eles resolvem ir para a &#8216;Bonita&#8217; para que Regina possa trat\u00e1-lo na fazenda. Matias vai falar com o pai, Constan\u00e7a chega e pede ao sobrinho para contar a Gon\u00e7alo a verdade sobre o pai do beb\u00ea. Jer\u00f4nimo est\u00e1 em &#8216;A Bonita&#8217; e Renata decide ficar l\u00e1 enquanto ele se recupera. O investigador do caso da filha de Regina viaja \u00e0 localidade onde estava Josefina com seu sobrenome \u00c1lvarez e fica sabendo de v\u00e1rias coisas da mulher.<\/p>\n<p>(*) edi\u00e7\u00e3o das novelas do SBT, \u201cQuando me Apaixono \u201d, sujeito a altera\u00e7\u00e3o de data e conte\u00fado.<\/p>\n<p>Sinopse \u201cQuando me Apaixono\u201d: A hist\u00f3ria come\u00e7a com o nascimento de duas meninas, Regina e Roberta; ambas s\u00e3o filhas de Roberto Gamba (Sebasti\u00e1n Rulli), mas de m\u00e3es diferentes. Enquanto Regina \u00e9 filha de Regina Sober\u00f3n Gamba (Lidia \u00c1vila\/Julieta Rosen), a esposa leg\u00edtima de Roberto, Roberta \u00e9 filha de Josefina &#8220;Pepa&#8221; \u00c1lvarez Mart\u00ednez (Margarita Maga\u00f1a\/Roc\u00edo Banquells), a amante de Roberto.<\/p>\n<p>Quando Roberto diz a Pepa que n\u00e3o vai deixar sua esposa e sua filha Regina, aquela, cheia de raiva depois de causar a morte de Roberto, decide raptar a filha de Regina para se vingar dela e faz\u00ea-la sofrer. Pepa muda o nome de Regina para Renata e foge com as duas meninas, deixando Regina despeda\u00e7ada pela perda de sua filha.<\/p>\n","protected":false},"excerpt":{"rendered":"<p>Resumo da novela \u201cQuando me Apaixono\u201d em 29\/09: no cap\u00edtulo 052(*) da novela, Constan\u00e7a encontra C\u00e9sar e ele a faz perceber que quem tirou as fotos foram Selena e Roberta. A infec\u00e7\u00e3o de Roberta est\u00e1 controlada, por\u00e9m o m\u00e9dico informa a ela e \u00e0 m\u00e3e que ela n\u00e3o poder\u00e1 ter filhos novamente, pois seus sintomas [&hellip;]<\/p>\n","protected":false},"author":2,"featured_media":195893,"comment_status":"closed","ping_status":"closed","sticky":false,"template":"","format":"standard","meta":{"tdm_status":"","tdm_grid_status":"","footnotes":""},"categories":[379,2028,2025,372,343],"tags":[441],"class_list":{"0":"post-198464","1":"post","2":"type-post","3":"status-publish","4":"format-standard","5":"has-post-thumbnail","7":"category-novelas","8":"category-quando-me-apaixono","9":"category-resumo","10":"category-sbt","11":"category-televisao","12":"tag-resumo-do-dia"},"_links":{"self":[{"href":"https:\/\/migracao.redenoticia.com.br\/noticia\/wp-json\/wp\/v2\/posts\/198464","targetHints":{"allow":["GET"]}}],"collection":[{"href":"https:\/\/migracao.redenoticia.com.br\/noticia\/wp-json\/wp\/v2\/posts"}],"about":[{"href":"https:\/\/migracao.redenoticia.com.br\/noticia\/wp-json\/wp\/v2\/types\/post"}],"author":[{"embeddable":true,"href":"https:\/\/migracao.redenoticia.com.br\/noticia\/wp-json\/wp\/v2\/users\/2"}],"replies":[{"embeddable":true,"href":"https:\/\/migracao.redenoticia.com.br\/noticia\/wp-json\/wp\/v2\/comments?post=198464"}],"version-history":[{"count":0,"href":"https:\/\/migracao.redenoticia.com.br\/noticia\/wp-json\/wp\/v2\/posts\/198464\/revisions"}],"wp:featuredmedia":[{"embeddable":true,"href":"https:\/\/migracao.redenoticia.com.br\/noticia\/wp-json\/wp\/v2\/media\/195893"}],"wp:attachment":[{"href":"https:\/\/migracao.redenoticia.com.br\/noticia\/wp-json\/wp\/v2\/media?parent=198464"}],"wp:term":[{"taxonomy":"category","embeddable":true,"href":"https:\/\/migracao.redenoticia.com.br\/noticia\/wp-json\/wp\/v2\/categories?post=198464"},{"taxonomy":"post_tag","embeddable":true,"href":"https:\/\/migracao.redenoticia.com.br\/noticia\/wp-json\/wp\/v2\/tags?post=198464"}],"curies":[{"name":"wp","href":"https:\/\/api.w.org\/{rel}","templated":true}]}}